{"id":52780,"date":"2016-08-29T05:44:13","date_gmt":"2016-08-29T08:44:13","guid":{"rendered":"http:\/\/argentinamunicipal.com.ar\/argentina\/?p=52780"},"modified":"2016-08-29T07:53:46","modified_gmt":"2016-08-29T10:53:46","slug":"ushuaia-ratifican-se-trabaja-municipalizar-sevicio-colectivos","status":"publish","type":"post","link":"http:\/\/argentinamunicipal.com.ar\/argentina\/ushuaia-ratifican-se-trabaja-municipalizar-sevicio-colectivos\/","title":{"rendered":"Ushuaia: Ratifican que se trabaja para municipalizar el sevicio de colectivos"},"content":{"rendered":"<p>La Municipalidad de Ushuaia reiter\u00f3 ante la Comisi\u00f3n de Participaci\u00f3n y Debate Ciudadano del Concejo Deliberante que iniciar\u00e1 en el mediano plazo la gesti\u00f3n del servicio p\u00fablico de transporte de pasajeros. De esta manera, ratific\u00f3 el pedido de endeudamiento a los concejales para adquirir 20 colectivos nuevos que permitan conectar la ciudad, con unidades grandes para las redes troncales y m\u00e1s peque\u00f1as para otros circuitos. Adem\u00e1s, se anunci\u00f3 que se integrar\u00e1n nuevos barrios a los recorridos que no est\u00e1n incorporados al sistema de transporte en la actualidad.<\/p>\n<p>Lucas Gallo, subsecretario de Desarrollo Econ\u00f3mico municipal, repas\u00f3 las deficiencias del servicio a lo largo de la historia, con la presencia en la ciudad de distintas empresas que no cumplieron con las condiciones iniciales resintiendo el servicio de forma tal que hoy no alcanza a satisfacer la calidad de las unidades ni las frecuencias.<\/p>\n<p>\u00abFrente a esta situaci\u00f3n, entendemos desde el Municipio que hab\u00eda que hacerse cargo y lo vamos a hacer a trav\u00e9s de la Sociedad del Estado que se capitalizar\u00e1 con las unidades\u00bb, explic\u00f3 el funcionario y repas\u00f3 las dificultades que presentan las finanzas de la Municipalidad, con una deuda importante para asumir que supera los 360 millones \u00abm\u00e1s all\u00e1 de las discusiones t\u00e9cnicas\u00bb y, a partir de esa realidad, se entiende que \u00abno es posible hacer frente a la compra con recursos propios\u00bb.<\/p>\n<p>En los fundamentos sobre la necesidad de endeudamiento, Gallo indic\u00f3 que\u00a0 \u00absolicitamos autorizaci\u00f3n para la toma de un empr\u00e9stito de hasta 35 millones de pesos a devolver en 36 meses\u00bb.<\/p>\n<p>Sobre las unidades, detall\u00f3 que estiman que podr\u00edan adquirir 20 colectivos, \u00abdebidamente adaptados a nuestras condiciones clim\u00e1ticas y topogr\u00e1ficas, con calefacci\u00f3n dual, con chasis adecuado para el suelo de nuestra ciudad y el uso de sal en las calles y, en lo posible, alguna unidad para personas con discapacidad\u00bb.<\/p>\n<p>El Subsecretario explic\u00f3 que de esa licitaci\u00f3n aparecer\u00e1n oferentes, \u00abpero el endeudamiento ser\u00e1 con las entidades financieras y estamos haciendo un trabajo en b\u00fasqueda de la propuesta de los bancos, pero no s\u00f3lo en cuanto a la tasa de inter\u00e9s, sino al periodo de gracia y a la tasa, si es fija o variable durante el primer a\u00f1o\u00bb.<\/p>\n<p>En el marco de la audiencia, present\u00f3 la informaci\u00f3n con la que contaba hasta el momento el Municipio en cuanto a las posibilidades que presentan las entidades financieras en un contexto de econom\u00eda nacional. \u00abVamos a insistir con los bancos en la b\u00fasqueda de las mejores condiciones y siempre con la mira puesta en la necesidad de tener un sistema de transporte acorde a lo que demanda la poblaci\u00f3n\u00bb, indic\u00f3.<\/p>\n<p>Son 200.000 pasajeros los que mensualmente transportan los colectivos en la ciudad, de acuerdo a los datos brindados por el subsecretario de Gobierno, Omar Becerra, a aquellas personas que\u00a0 participaron de la audiencia.\u00a0 A su turno y avanzado el encuentro, el funcionario solicit\u00f3 a los presentes se observen las necesidades de estos 200 mil pasajeros de la ciudad que utilizan el servicio\u00a0 como as\u00ed tambi\u00e9n los muchos otros vecinos que no acceden porque los colectivos no cubren\u00a0 \u00e1reas urbanizadas en las que habitan.<\/p>\n<p>La ordenanza en discusi\u00f3n y an\u00e1lisis establece las condiciones en las que puede tomarse un pr\u00e9stamo, el l\u00edmite en el monto, el plazo m\u00e1ximo de devoluci\u00f3n y asignaci\u00f3n espec\u00edfica de esos fondos.<\/p>\n<p>Becerra destac\u00f3 tambi\u00e9n\u00a0 la necesidad de dar respuesta a todo los vecinos de la ciudad en el servicio de transporte p\u00fablico de colectivos.<\/p>\n<p>A modo de ejemplo, mencion\u00f3 la reuni\u00f3n mantenida con vecinos de la urbanizaci\u00f3n Alakalufes, sector al que no llega el servicio y donde viven centenares de familias. Los vecinos solicitaron al Municipio la habilitaci\u00f3n de un minib\u00fas que pudiera realizar un recorrido desde el barrio hasta el Hospital Regional Ushuaia por la calle 12 de Octubre y desde all\u00ed, regresar por calle Kuanip hasta el mismo barrio.<\/p>\n<p>\u00abTrabajamos diariamente para que se sostenga el servicio tal y como est\u00e1 y es necesario mejorarlo con unidades que sean \u00f3ptimas y llegar a aquellos sectores que hoy no tienen el servicio\u00bb, dijo.<\/p>\n<p>\u00abEs necesario que el Municipio haga esta inversi\u00f3n\u00bb, dijo el concejal Silvio Bocchicchio del PSP, quien asegur\u00f3 que las grandes ciudades del mundo invierten en transporte p\u00fablico ya que permite a la gente de la ciudad circular, descongestiona el tr\u00e1nsito y genera un beneficio ambiental.<\/p>\n<h6>Fuente:\u00a0Sur 54.com<\/h6>\n","protected":false},"excerpt":{"rendered":"<p>La Municipalidad de Ushuaia reiter\u00f3 ante la Comisi\u00f3n de Participaci\u00f3n y Debate Ciudadano del Concejo Deliberante que iniciar\u00e1 en el mediano plazo la gesti\u00f3n del servicio p\u00fablico de transporte de pasajeros. <\/p>\n","protected":false},"author":2,"featured_media":52781,"comment_status":"closed","ping_status":"closed","sticky":false,"template":"","format":"standard","meta":{"footnotes":""},"categories":[2],"tags":[34],"class_list":["post-52780","post","type-post","status-publish","format-standard","has-post-thumbnail","hentry","category-informe-municipal","tag-tierra-del-fuego"],"_links":{"self":[{"href":"http:\/\/argentinamunicipal.com.ar\/argentina\/wp-json\/wp\/v2\/posts\/52780","targetHints":{"allow":["GET"]}}],"collection":[{"href":"http:\/\/argentinamunicipal.com.ar\/argentina\/wp-json\/wp\/v2\/posts"}],"about":[{"href":"http:\/\/argentinamunicipal.com.ar\/argentina\/wp-json\/wp\/v2\/types\/post"}],"author":[{"embeddable":true,"href":"http:\/\/argentinamunicipal.com.ar\/argentina\/wp-json\/wp\/v2\/users\/2"}],"replies":[{"embeddable":true,"href":"http:\/\/argentinamunicipal.com.ar\/argentina\/wp-json\/wp\/v2\/comments?post=52780"}],"version-history":[{"count":0,"href":"http:\/\/argentinamunicipal.com.ar\/argentina\/wp-json\/wp\/v2\/posts\/52780\/revisions"}],"wp:featuredmedia":[{"embeddable":true,"href":"http:\/\/argentinamunicipal.com.ar\/argentina\/wp-json\/wp\/v2\/media\/52781"}],"wp:attachment":[{"href":"http:\/\/argentinamunicipal.com.ar\/argentina\/wp-json\/wp\/v2\/media?parent=52780"}],"wp:term":[{"taxonomy":"category","embeddable":true,"href":"http:\/\/argentinamunicipal.com.ar\/argentina\/wp-json\/wp\/v2\/categories?post=52780"},{"taxonomy":"post_tag","embeddable":true,"href":"http:\/\/argentinamunicipal.com.ar\/argentina\/wp-json\/wp\/v2\/tags?post=52780"}],"curies":[{"name":"wp","href":"https:\/\/api.w.org\/{rel}","templated":true}]}}