{"id":52783,"date":"2016-08-29T08:01:46","date_gmt":"2016-08-29T11:01:46","guid":{"rendered":"http:\/\/argentinamunicipal.com.ar\/argentina\/?p=52783"},"modified":"2016-08-29T08:01:46","modified_gmt":"2016-08-29T11:01:46","slug":"la-crisis-textil-golpea-duro-la-rioja-catamarca","status":"publish","type":"post","link":"http:\/\/argentinamunicipal.com.ar\/argentina\/la-crisis-textil-golpea-duro-la-rioja-catamarca\/","title":{"rendered":"La crisis textil golpea duro a La Rioja y Catamarca"},"content":{"rendered":"<p>El sector enfrenta una dif\u00edcil coyuntura caracterizada por la ca\u00edda del consumo en el mercado dom\u00e9stico, altos costos de producci\u00f3n y una presi\u00f3n impositiva fuerte. A esto se le suma la apertura de las importaciones por parte del gobierno nacional. Despidos y suspensiones a la orden del d\u00eda, seg\u00fan el electo secretario general de la Asociaci\u00f3n Obrera Textila (AOT) e integrante del Consejo Directivo de la CGT, Hugo Ben\u00edtez.<\/p>\n<p>Desde el cambio de gesti\u00f3n a nivel nacional, la cadena de valor de la industria textil e indumentaria atraviesa una dif\u00edcil coyuntura, caracterizada por la ca\u00edda del consumo en el mercado dom\u00e9stico, elevados costos de producci\u00f3n y una presi\u00f3n impositiva que golpea m\u00e1s fuerte a las peque\u00f1as y medianas empresas, que son las que predominan en el sector.<\/p>\n<p>Las suspensiones, los adelantos de vacaciones y los despidos ya marcan el pulso del sector. A esto hay que agregar que en los \u00faltimos meses las importaciones se dispararon -tanto insumos como bienes finales- beneficiadas por el cambio de pol\u00edtica comercial de Casa Rosada y el encarecimiento de los productos nacionales en las vidrieras, en un escenario de rebrote de la inflaci\u00f3n.<\/p>\n<p>\u201cEstamos muy preocupados porque hay un gran parate en la actividad textil y en lo que va del a\u00f1o tenemos entre suspensiones y adelantos de vacaciones a 3.300 trabajadores afectados y 327 despedidos\u201d, afirm\u00f3 el recientemente electo secretario general de la Asociaci\u00f3n Obrera Textila (AOT) e integrante del Consejo Directivo de la CGT, Hugo Ben\u00edtez.<\/p>\n<p>\u201cEs un permanente goteo en las f\u00e1bricas y esa es la realidad\u201d, remarc\u00f3. Y detall\u00f3 que Catamarca, La Rioja y La Plata son las ciudades m\u00e1s afectadas, pero advirti\u00f3 que \u201cla situaci\u00f3n es generalizada en todo el pa\u00eds\u201d.<\/p>\n<p>Sobre del compromiso p\u00fablico de los grandes empresarios textiles hace tres meses con el presidente Mauricio Macri, el gremialista se\u00f1al\u00f3 que \u201cesto es lo parad\u00f3jico, porque por un lado firman un acuerdo para mantener las fuentes de trabajo y por el otro lado salen de la Casa de Gobierno y suspenden personal en las mayor\u00eda las f\u00e1bricas\u201d.<\/p>\n<p>Al respecto destac\u00f3 que \u201cen la peor de las crisis en las asambleas les dec\u00edamos a los compa\u00f1eros que eramos socios en la desagracia, los trabajadores, el sindicato y las empresas y, hoy volvemos a decir lo mismo: estamos empe\u00f1ados en defender las fuentes de trabajo y reclamarle al Gobierno medidas contra la importaci\u00f3n\u201d.<\/p>\n<p>El gremialista a\u00f1adi\u00f3 que \u201cnecesitamos que los empresarios nos acompa\u00f1en, porqueno queremos volver a las viejas \u00e9pocas donde los primeros que pagan los platos rotos son los trabajadores a quienes se les adelantan las vacaciones, se los suspende y hasta se llega a los despidos\u201d.<\/p>\n<p>Consultado sobre si las empresas que han aplicado suspensiones y despidos son Pymes, Ben\u00edtez resalt\u00f3 que \u201cno son las peque\u00f1as empresas, son las m\u00e1s grandes, la mayor\u00eda de las firmaron el famoso compromiso p\u00fablico con Macri\u201d.<\/p>\n<p>Luego de responder que \u201cel famoso puerta a puerta\u201d que habilita a comprar insumos por Internet, \u201cno tiene consecuencias en la industria nacional textil porque es una minor\u00eda\u201d, puntualiz\u00f3 que \u201cla realidad es que cuando se realizan grandes inversiones y hay una buena pol\u00edtica econ\u00f3mica y de sostenimiento de la industria nacional esto funciona. Las cosas no funcionan cuando hay algo de las tres patas que hacen que no funcionen\u201d.<\/p>\n<p>El dirigente gremial al referirse a la crisis que vive la actividad textil, aclar\u00f3 que \u201cen los \u00faltimos cuatro a\u00f1os hemos perdido m\u00e1s de 3.000 puestos de trabajo, de los cuales m\u00e1s de 300 despidos se produjeron en los \u00faltimos ocho meses y lo que venimos haciendo nosotros es un llamado de atenci\u00f3n no s\u00f3lo a los empresarios, sino al gobierno tambi\u00e9n\u201d.<\/p>\n<p>Con respecto a los precios de la ropa que son altos en la Argentina comparados hasta con pa\u00edses europeos, Ben\u00edtez identific\u00f3 a la intermediaci\u00f3n como uno de los problemas, al destacar que de la f\u00e1brica sale con un precio y como decimos nosotros, a las g\u00f3ndolas llegan otros m\u00e1s altos y un jean que sale a $200 en otros lugares, aqu\u00ed llegan a costar hasta $2.000 y la mayor\u00eda de los trabajadores no pueden acceder a ellos\u201d.<\/p>\n<p>Al ser consultado sobre si confiaba en la elecci\u00f3n de un triunvirato para conducir la CGT -habida cuenta que Ben\u00edtez integra el Consejo Directivo desde el lunes pasado-, manifest\u00f3 que \u201cfue consensuado porque era la \u00fanica manera de poder lograr integrar a la mayor\u00eda de las organizaciones gremiales en la unidad\u201d. \u201cSe ha demostrado -a\u00f1adi\u00f3- que con todo el esfuerzo que se hizo todav\u00eda hay gremios que no ingresaron en esta unidad del triunvirato y aquellos que quieren impulsar un paro ahora, porque no lo impulsaron desde las CGT que integraban hace tres o cuatro a\u00f1os atr\u00e1s\u201d, concluy\u00f3 en una entrevista a la agencia T\u00e9lam.<\/p>\n<h6>Fuente: Rioja Virtual<\/h6>\n","protected":false},"excerpt":{"rendered":"<p>El sector enfrenta una dif\u00edcil coyuntura caracterizada por la ca\u00edda del consumo en el mercado dom\u00e9stico, altos costos de producci\u00f3n y una presi\u00f3n impositiva fuerte.<\/p>\n","protected":false},"author":2,"featured_media":52784,"comment_status":"closed","ping_status":"closed","sticky":false,"template":"","format":"standard","meta":{"footnotes":""},"categories":[65],"tags":[16,26],"class_list":["post-52783","post","type-post","status-publish","format-standard","has-post-thumbnail","hentry","category-provincias","tag-catamarca","tag-la-rioja"],"_links":{"self":[{"href":"http:\/\/argentinamunicipal.com.ar\/argentina\/wp-json\/wp\/v2\/posts\/52783","targetHints":{"allow":["GET"]}}],"collection":[{"href":"http:\/\/argentinamunicipal.com.ar\/argentina\/wp-json\/wp\/v2\/posts"}],"about":[{"href":"http:\/\/argentinamunicipal.com.ar\/argentina\/wp-json\/wp\/v2\/types\/post"}],"author":[{"embeddable":true,"href":"http:\/\/argentinamunicipal.com.ar\/argentina\/wp-json\/wp\/v2\/users\/2"}],"replies":[{"embeddable":true,"href":"http:\/\/argentinamunicipal.com.ar\/argentina\/wp-json\/wp\/v2\/comments?post=52783"}],"version-history":[{"count":0,"href":"http:\/\/argentinamunicipal.com.ar\/argentina\/wp-json\/wp\/v2\/posts\/52783\/revisions"}],"wp:featuredmedia":[{"embeddable":true,"href":"http:\/\/argentinamunicipal.com.ar\/argentina\/wp-json\/wp\/v2\/media\/52784"}],"wp:attachment":[{"href":"http:\/\/argentinamunicipal.com.ar\/argentina\/wp-json\/wp\/v2\/media?parent=52783"}],"wp:term":[{"taxonomy":"category","embeddable":true,"href":"http:\/\/argentinamunicipal.com.ar\/argentina\/wp-json\/wp\/v2\/categories?post=52783"},{"taxonomy":"post_tag","embeddable":true,"href":"http:\/\/argentinamunicipal.com.ar\/argentina\/wp-json\/wp\/v2\/tags?post=52783"}],"curies":[{"name":"wp","href":"https:\/\/api.w.org\/{rel}","templated":true}]}}