{"id":52786,"date":"2016-08-29T06:05:38","date_gmt":"2016-08-29T09:05:38","guid":{"rendered":"http:\/\/argentinamunicipal.com.ar\/argentina\/?p=52786"},"modified":"2016-08-29T08:07:41","modified_gmt":"2016-08-29T11:07:41","slug":"siete-municipios-entrerrianos-conformaron-la-microrregion-turistica-raices-nandubay","status":"publish","type":"post","link":"http:\/\/argentinamunicipal.com.ar\/argentina\/siete-municipios-entrerrianos-conformaron-la-microrregion-turistica-raices-nandubay\/","title":{"rendered":"Siete municipios entrerrianos conformaron la microrregi\u00f3n tur\u00edstica \u201cRa\u00edces de \u00d1andubay\u201d"},"content":{"rendered":"<p>Siete municipios de la regi\u00f3n centro-norte entrerriano rubricaron este viernes el acta de conformaci\u00f3n de la microrregi\u00f3n \u201cRa\u00edces de \u00d1andubay\u201d, concretando de ese modo un nuevo paso en la tarea de desarrollo conjunto de la actividad tur\u00edstica en esa regi\u00f3n de la provincia<\/p>\n<p>Fue durante un acto celebrado en la localidad de Los Conquistadores, que cont\u00f3 con la presencia del ministro Adri\u00e1n Fuertes; los senadores Osvaldo Viano (Feliciano) y Miguel Piana (Federaci\u00f3n), la diputada provincial Gabriela Lena; los presidentes municipales de San Jos\u00e9 de Feliciano, Silvia Moreno; de Chajar\u00ed, Pedro Galimberti; de Bovril, Alfredo Blochinger; de Villa del Rosario, Claudio Baldesari; de San Jaime de la Frontera, Felipe Balcazza; el viceintendente de Federal, Rub\u00e9n Westler; y el jefe comunal anfitri\u00f3n, Alcides Mi\u00f1o.<\/p>\n<p>Tambi\u00e9n estuvieron el presidente de la C\u00e1mara Regional de Turismo, Edmundo Prince; el vicepresidente de la misma agrupaci\u00f3n, Franco Pezzelatto; emprendedores y empresarios tur\u00edsticos de la zona; el subsecretario de Desarrollo Tur\u00edstico del ministerio de Turismo, Alejandro R\u00edos; y la coordinadora del Corredor del R\u00edo Gualeguay, Laura Godoy.<\/p>\n<p>Al realizar la apertura del acto, el intendente Alcides Mi\u00f1o enfatiz\u00f3 que \u201cesfuerzo que realizan siete municipios para trabajar juntos, no tendr\u00eda sentido si el gobierno provincial no acompa\u00f1a estas acciones. Y por eso nos alegra que el ministro se comprometa a acompa\u00f1ar este proceso, dando cuenta de ese respaldo con su presencia en este lugar\u201d.<\/p>\n<p><strong>\u201cTrabajar juntos\u201d<\/strong><\/p>\n<p>\u201cNo hay mejor construcci\u00f3n que la que se hace desde las bases, la que surge desde los propios interesados, como es el caso de estas siete comunidades que han decidido trabajar juntos, en mancomunidad, en pos de un objetivo com\u00fan\u201d, sostuvo el ministro Fuertes, tras rubricar el convenio de creaci\u00f3n de la Microrregi\u00f3n.<\/p>\n<p>Asimismo, subray\u00f3: \u201cEl Gobernador nos ha pedido que a la hora de trabajar nos saquemos las camisetas partidarias y nos pongamos todos la de Entre R\u00edos. Y esto que emprenden transita por ese camino de construcci\u00f3n plural y de objetivos claros. Por eso, en nosotros van a tener un aliado para que esta experiencia sea exitosa y se replique a lo largo y a lo ancho de la provincia\u201d.<\/p>\n<p>Finalmente, destac\u00f3 \u201cla importancia que tiene que siete municipios entrerrianos quieran conforman una microrregi\u00f3n\u201d.<\/p>\n<p>Y destac\u00f3 \u201clo relevante que es que el eje de esa microrregi\u00f3n tenga que ver con el desarrollo del centro y el norte entrerriano, que es uno de los objetivos que nos hemos planteado desde el ministerio y que nos ha marcado el gobernador Gustavo Bordet\u201d.<\/p>\n<p><strong>El acta compromiso<\/strong><\/p>\n<p>El documento que rubricaron este viernes los municipios de Los Conquistadores, Federal, San Jos\u00e9 de Feliciano, San Jaime de la Frontera, Bovril, Chajar\u00ed y Villa del Rosario contiene seis ejes centrales.<\/p>\n<p>En primer lugar, todos se comprometen a elaborar un plan de desarrollo tur\u00edstico-cultural, que establezca en la regi\u00f3n un corredor urbano-productivo.<\/p>\n<p>Asimismo, las siete comunas elaborar\u00e1n un Sistema Integrado de Informaci\u00f3n Tur\u00edstica, con una base de datos que incluya toda la informaci\u00f3n de la microrregi\u00f3n. Del mismo modo, encarar\u00e1n campa\u00f1as de promoci\u00f3n de manera conjunta en medios de comunicaci\u00f3n y tendr\u00e1n una presencia como microrregi\u00f3n en ferias, exposiciones y congresos vinculados al turismo<\/p>\n<p>Finalmente, cada municipio asume el compromiso de capacitar gu\u00edas tur\u00edsticos, que se ocupar\u00e1n de relevar y redactar un inventario de atractivos, trabajando de manera coordinada con sus pares de cada ciudad.<\/p>\n<h6>Fuente: Apf Digital<\/h6>\n","protected":false},"excerpt":{"rendered":"<p>Siete municipios de la regi\u00f3n centro-norte entrerriano rubricaron este viernes el acta de conformaci\u00f3n de la microrregi\u00f3n \u201cRa\u00edces de \u00d1andubay\u201d, concretando de ese modo un nuevo paso en la tarea de desarrollo conjunto de la actividad tur\u00edstica en esa regi\u00f3n de la provincia<\/p>\n","protected":false},"author":2,"featured_media":52787,"comment_status":"closed","ping_status":"closed","sticky":false,"template":"","format":"standard","meta":{"footnotes":""},"categories":[2],"tags":[17],"class_list":["post-52786","post","type-post","status-publish","format-standard","has-post-thumbnail","hentry","category-informe-municipal","tag-entre-rios"],"_links":{"self":[{"href":"http:\/\/argentinamunicipal.com.ar\/argentina\/wp-json\/wp\/v2\/posts\/52786","targetHints":{"allow":["GET"]}}],"collection":[{"href":"http:\/\/argentinamunicipal.com.ar\/argentina\/wp-json\/wp\/v2\/posts"}],"about":[{"href":"http:\/\/argentinamunicipal.com.ar\/argentina\/wp-json\/wp\/v2\/types\/post"}],"author":[{"embeddable":true,"href":"http:\/\/argentinamunicipal.com.ar\/argentina\/wp-json\/wp\/v2\/users\/2"}],"replies":[{"embeddable":true,"href":"http:\/\/argentinamunicipal.com.ar\/argentina\/wp-json\/wp\/v2\/comments?post=52786"}],"version-history":[{"count":0,"href":"http:\/\/argentinamunicipal.com.ar\/argentina\/wp-json\/wp\/v2\/posts\/52786\/revisions"}],"wp:featuredmedia":[{"embeddable":true,"href":"http:\/\/argentinamunicipal.com.ar\/argentina\/wp-json\/wp\/v2\/media\/52787"}],"wp:attachment":[{"href":"http:\/\/argentinamunicipal.com.ar\/argentina\/wp-json\/wp\/v2\/media?parent=52786"}],"wp:term":[{"taxonomy":"category","embeddable":true,"href":"http:\/\/argentinamunicipal.com.ar\/argentina\/wp-json\/wp\/v2\/categories?post=52786"},{"taxonomy":"post_tag","embeddable":true,"href":"http:\/\/argentinamunicipal.com.ar\/argentina\/wp-json\/wp\/v2\/tags?post=52786"}],"curies":[{"name":"wp","href":"https:\/\/api.w.org\/{rel}","templated":true}]}}