{"id":52817,"date":"2016-08-29T06:45:07","date_gmt":"2016-08-29T09:45:07","guid":{"rendered":"http:\/\/argentinamunicipal.com.ar\/argentina\/?p=52817"},"modified":"2016-08-29T08:46:48","modified_gmt":"2016-08-29T11:46:48","slug":"cuales-las-tres-opciones-optimizar-la-municipalidad-resistencia","status":"publish","type":"post","link":"http:\/\/argentinamunicipal.com.ar\/argentina\/cuales-las-tres-opciones-optimizar-la-municipalidad-resistencia\/","title":{"rendered":"\u00bfCu\u00e1les son las tres opciones para optimizar la Municipalidad de Resistencia?"},"content":{"rendered":"<p>En la \u00faltima consulta ciudadana hubo consenso de los vecinos.<\/p>\n<p>En la \u00faltima consulta ciudadana realizada el pasado lunes, el intendente Jorge Capitanich present\u00f3 las diferentes propuestas para la optimizaci\u00f3n de la sede central del Municipio de Resistencia, ya sea por medio de la construcci\u00f3n de un nuevo edificio o la remodelaci\u00f3n del actual, sobre avenida Italia. Los vecinos dejaron claro que existe un consenso generalizado para la construcci\u00f3n de una nueva sede en otra locaci\u00f3n, obra que no representar\u00eda gasto alguno para el municipio.<\/p>\n<p>Para avanzar con el an\u00e1lisis de dichas propuestas, el jefe comunal propicio la creaci\u00f3n de una comisi\u00f3n pro edificio que trabajar\u00e1 en conjunto con el Concejo Municipal. Lo que s\u00ed qued\u00f3 confirmado por Capitanich, es que el Municipio no pondr\u00e1 un solo centavo para encarar este proyecto, ya que las tres alternativas ser\u00e1n financiadas a trav\u00e9s de la reutilizaci\u00f3n de bienes inmuebles municipales ociosos o venta de los mismos.<\/p>\n<p>La actual gesti\u00f3n municipal propuso tres alternativas: la construcci\u00f3n de edificio en nueva localizaci\u00f3n, la refacci\u00f3n del edificio actual manteniendo la superficie parcelaria o la refacci\u00f3n del edificio actual reduciendo en un 50% la superficie parcelaria.<\/p>\n<p><strong>Principal alternativa: una nueva sede en otra locaci\u00f3n<\/strong><\/p>\n<p>Para la construcci\u00f3n de un nuevo edificio, existen tres emplazamientos posibles que son propiedad del Municipio: un sector del Parque 2 de Febrero (Wilde y Lavalle), la Direcci\u00f3n de Pavimento en la calle Cocomarola y el Centro Log\u00edstico Municipal de Mac Lean y Ushuaia.<\/p>\n<p>Con respecto al financiamiento, Capitanich asegur\u00f3 que la alternativa ser\u00eda permutar la manzana de avenida Italia donde se encuentra actualmente la sede por un nuevo edificio construido a estrenar, llave en mano, en algunas de las tres locaciones propuestas. La que mayor consenso logr\u00f3 entre los vecinos que asistieron a la consulta ciudadana, fue el espacio del Parque 2 de Febrero.<\/p>\n<p>El objetivo primordial de la actual gesti\u00f3n es lograr tener un edificio municipal sustentable y funcional, concentrando las actividades de gobierno y administraci\u00f3n de los poderes del Estado Municipal a fin de brindar a la comunidad un espacio acorde para la realizaci\u00f3n eficiente de sus tr\u00e1mites, y a los trabajadores municipales, un lugar digno para ejecuci\u00f3n de su labor.<\/p>\n<p>Entre sus principales caracter\u00edsticas, tendr\u00eda que tener 43 oficinas administrativas, m\u00e1s dependencias para ocho secretar\u00edas, subsecretar\u00edas, Intendencia y Concejo Municipal. Albergar\u00eda un total de 1747 de agentes, con un promedio de 3,5 metros cuadrados por persona. Se calcula un presupuesto aproximado de 154 millones de pesos para ejecutar una nueva sede de 8840 metros cuadrados cubiertos, m\u00e1s 3000 metros cuadrados descubiertos para espacios p\u00fablicos y estacionamiento.<\/p>\n<p>En caso de ejecutar esta alternativa, el municipio no tendr\u00eda que recurrir a alquileres transitorios ni inconvenientes por el plan de obra, ya que se utilizar\u00eda las actuales dependencias de manera normal hasta que se finalice la construcci\u00f3n del nuevo edificio y este sea entregado llave en mano. Otro aspecto importante a tener en cuenta, es que tampoco se ver\u00eda afectado parte del pulm\u00f3n verde del Parque 2 de Febrero, ya que s\u00f3lo se utilizar\u00edan una parte de los terrenos de la esquina de Wilde y Lavalle.<\/p>\n<p><strong>Refacci\u00f3n del edificio actual manteniendo la superficie parcelaria<\/strong><\/p>\n<p>La segunda propuesta establece la refacci\u00f3n integral de la actual sede del gobierno municipal, readecuando las actuales estructuras para refuncionalizar algunos espacios. Adem\u00e1s, mejorando los espacios de circulaci\u00f3n y de acceso para personas con discapacidad motriz.<\/p>\n<p>Esta alternativa requiere no solo un plan de ejecuci\u00f3n de obras parciales, sino tambi\u00e9n el alquiler temporario y rotativo de oficinas administrativas que funcionan actualmente en la sede central durante la ejecuci\u00f3n del sector a refaccionar. El costo aproximado de inversi\u00f3n ser\u00eda 10 mil pesos por metro cuadrado, alcanzando un total de 93 millones de pesos y se lograr\u00eda el financiamiento a trav\u00e9s de la venta de inmuebles para generar recursos propios que permitan la ejecuci\u00f3n de esa infraestructura.<\/p>\n<p><strong>Reducci\u00f3n de la superficie parcelaria y edificio en altura<\/strong><\/p>\n<p>La tercera alternativa ser\u00eda reducir la superficie parcelaria de la actual sede central en avenida Italia y construir un edificio en altura para las nuevas dependencias. El financiamiento de esta propuesta ser\u00eda a trav\u00e9s de la venta de parte de la superficie actualmente ocupada por el edificio municipal y de otros inmuebles para generar recursos propios que permitan la planificaci\u00f3n y ejecuci\u00f3n.<\/p>\n<p>El costo aproximado de inversi\u00f3n ser\u00eda de 18 mil pesos el metro cuadrado, siendo m\u00e1s elevado por la readecuaci\u00f3n de cimientos y muros estructurales para edificaci\u00f3n en altura. Esto demandar\u00eda una inversi\u00f3n total de 195 millones de pesos para afrontar el plan de obras y los alquileres temporarios.<\/p>\n<p>Adem\u00e1s, esta alternativa tambi\u00e9n requiere un plan de ejecuci\u00f3n de obras, as\u00ed como alquiler temporario de oficinas administrativas durante la ejecuci\u00f3n de las obras. El alquiler comprender\u00eda el total de las oficinas que funcionan en la sede administrativa actual, ya que por cuestiones de seguridad, no se recomienda el ingreso y permanencia de personas (agentes y usuarios del servicio) durante el desarrollo de obras.<\/p>\n<h6>Fuente: Data Chaco<\/h6>\n","protected":false},"excerpt":{"rendered":"<p>En la \u00faltima consulta ciudadana hubo consenso de los vecinos. <\/p>\n","protected":false},"author":2,"featured_media":52818,"comment_status":"closed","ping_status":"closed","sticky":false,"template":"","format":"standard","meta":{"footnotes":""},"categories":[1],"tags":[],"class_list":["post-52817","post","type-post","status-publish","format-standard","has-post-thumbnail","hentry","category-sin-categoria"],"_links":{"self":[{"href":"http:\/\/argentinamunicipal.com.ar\/argentina\/wp-json\/wp\/v2\/posts\/52817","targetHints":{"allow":["GET"]}}],"collection":[{"href":"http:\/\/argentinamunicipal.com.ar\/argentina\/wp-json\/wp\/v2\/posts"}],"about":[{"href":"http:\/\/argentinamunicipal.com.ar\/argentina\/wp-json\/wp\/v2\/types\/post"}],"author":[{"embeddable":true,"href":"http:\/\/argentinamunicipal.com.ar\/argentina\/wp-json\/wp\/v2\/users\/2"}],"replies":[{"embeddable":true,"href":"http:\/\/argentinamunicipal.com.ar\/argentina\/wp-json\/wp\/v2\/comments?post=52817"}],"version-history":[{"count":0,"href":"http:\/\/argentinamunicipal.com.ar\/argentina\/wp-json\/wp\/v2\/posts\/52817\/revisions"}],"wp:featuredmedia":[{"embeddable":true,"href":"http:\/\/argentinamunicipal.com.ar\/argentina\/wp-json\/wp\/v2\/media\/52818"}],"wp:attachment":[{"href":"http:\/\/argentinamunicipal.com.ar\/argentina\/wp-json\/wp\/v2\/media?parent=52817"}],"wp:term":[{"taxonomy":"category","embeddable":true,"href":"http:\/\/argentinamunicipal.com.ar\/argentina\/wp-json\/wp\/v2\/categories?post=52817"},{"taxonomy":"post_tag","embeddable":true,"href":"http:\/\/argentinamunicipal.com.ar\/argentina\/wp-json\/wp\/v2\/tags?post=52817"}],"curies":[{"name":"wp","href":"https:\/\/api.w.org\/{rel}","templated":true}]}}