{"id":52839,"date":"2016-08-30T06:58:37","date_gmt":"2016-08-30T09:58:37","guid":{"rendered":"http:\/\/argentinamunicipal.com.ar\/argentina\/?p=52839"},"modified":"2016-08-30T06:58:37","modified_gmt":"2016-08-30T09:58:37","slug":"mar-del-plata-trabajadores-cultura-denuncian-vaciamiento-del-area","status":"publish","type":"post","link":"http:\/\/argentinamunicipal.com.ar\/argentina\/mar-del-plata-trabajadores-cultura-denuncian-vaciamiento-del-area\/","title":{"rendered":"Mar del Plata: Trabajadores de Cultura denuncian el vaciamiento del \u00e1rea"},"content":{"rendered":"<p>Se manifestaron sirviendo \u00f1oquis frente al Palacio Municipal, donde volvieron a reclamar la renuncia de la titular del \u00e1rea, Silvana Rojas. Denunciaron la cancelaci\u00f3n de programas, el cierre del Teatro Diagonal y deudas con trabajadores y el elenco de la Comedia Municipal.<\/p>\n<p>Trabajadores de la cultura volvieron a manifestarse hoy frente al Palacio Municipal para denunciar el vaciamiento del \u00e1rea y el incumplimiento por parte de la comuna de sus reiteradas promesas de pago de sus contratos.<\/p>\n<p>Esta vez los artistas decidieron manifestarse con una \u201c\u00f1oquieada\u201d durante la cual aseguraron que \u201clos verdaderos \u00f1oquis\u201d son los \u201cfuncionarios que forman parte de la abultada planta pol\u00edtica\u201d de la Secretar\u00eda de Cultura, que encabeza Silvana Rojas, a la que le volvieron a reclamar la renuncia.<\/p>\n<p>Adem\u00e1s, en medio de presentaciones art\u00edsticas, denunciaron la existencia de \u201clistas negras\u201d confeccionadas para no volver a contratar a quienes desde hace meses protagonizan esta clase de reclamos.<\/p>\n<p>\u201cHoy, 29 de agosto, seguimos reclamando que nos paguen lo que nos adeudan desde diciembre\u201d, plantearon los trabajadores, quienes formaban parte de distintos programas culturales y educativos que el municipio decidi\u00f3 cancelar.<\/p>\n<p>Sumado a esto, denunciaron que el elenco de la Comedia Municipal apenas recibi\u00f3 la mitad de los fondos adeudados correspondientes a las actuaciones realizadas en 2015. \u201cAdem\u00e1s no volvieron a convocar a los actores para que la Comedia vuelva a funcionar\u201d, se\u00f1alaron.<\/p>\n<p>Como testimonio de lo que aseguraron se trata de un \u201cvaciamiento\u201d del \u00e1rea, subrayaron que durante la actual gesti\u00f3n tambi\u00e9n de decidi\u00f3 el cierre del Teatro Diagonal y que fueron suspendidas varias actividades del Centro Cultural Osvaldo Soriano por la decisi\u00f3n de no abonarle horas extra al personal.<\/p>\n<h6>Fuente: La Capital Mar del plata<\/h6>\n","protected":false},"excerpt":{"rendered":"<p>Se manifestaron sirviendo \u00f1oquis frente al Palacio Municipal, donde volvieron a reclamar la renuncia de la titular del \u00e1rea, Silvana Rojas. Denunciaron la cancelaci\u00f3n de programas, el cierre del Teatro Diagonal <\/p>\n","protected":false},"author":2,"featured_media":52840,"comment_status":"closed","ping_status":"closed","sticky":false,"template":"","format":"standard","meta":{"footnotes":""},"categories":[2],"tags":[12],"class_list":["post-52839","post","type-post","status-publish","format-standard","has-post-thumbnail","hentry","category-informe-municipal","tag-buenos-aires"],"_links":{"self":[{"href":"http:\/\/argentinamunicipal.com.ar\/argentina\/wp-json\/wp\/v2\/posts\/52839","targetHints":{"allow":["GET"]}}],"collection":[{"href":"http:\/\/argentinamunicipal.com.ar\/argentina\/wp-json\/wp\/v2\/posts"}],"about":[{"href":"http:\/\/argentinamunicipal.com.ar\/argentina\/wp-json\/wp\/v2\/types\/post"}],"author":[{"embeddable":true,"href":"http:\/\/argentinamunicipal.com.ar\/argentina\/wp-json\/wp\/v2\/users\/2"}],"replies":[{"embeddable":true,"href":"http:\/\/argentinamunicipal.com.ar\/argentina\/wp-json\/wp\/v2\/comments?post=52839"}],"version-history":[{"count":0,"href":"http:\/\/argentinamunicipal.com.ar\/argentina\/wp-json\/wp\/v2\/posts\/52839\/revisions"}],"wp:featuredmedia":[{"embeddable":true,"href":"http:\/\/argentinamunicipal.com.ar\/argentina\/wp-json\/wp\/v2\/media\/52840"}],"wp:attachment":[{"href":"http:\/\/argentinamunicipal.com.ar\/argentina\/wp-json\/wp\/v2\/media?parent=52839"}],"wp:term":[{"taxonomy":"category","embeddable":true,"href":"http:\/\/argentinamunicipal.com.ar\/argentina\/wp-json\/wp\/v2\/categories?post=52839"},{"taxonomy":"post_tag","embeddable":true,"href":"http:\/\/argentinamunicipal.com.ar\/argentina\/wp-json\/wp\/v2\/tags?post=52839"}],"curies":[{"name":"wp","href":"https:\/\/api.w.org\/{rel}","templated":true}]}}