{"id":52851,"date":"2016-08-30T06:00:14","date_gmt":"2016-08-30T09:00:14","guid":{"rendered":"http:\/\/argentinamunicipal.com.ar\/argentina\/?p=52851"},"modified":"2016-08-30T07:24:12","modified_gmt":"2016-08-30T10:24:12","slug":"se-desarrolla-seminario-cumbre-mercociudades-santa-fe","status":"publish","type":"post","link":"http:\/\/argentinamunicipal.com.ar\/argentina\/se-desarrolla-seminario-cumbre-mercociudades-santa-fe\/","title":{"rendered":"Se desarrolla el seminario Cumbre de Mercociudades en Santa Fe"},"content":{"rendered":"<p>Titulado \u00abInternacionalizaci\u00f3n de ciudades desaf\u00edos y experiencias a nivel regional\u00bb, se concretar\u00e1 este martes a las 8 en la Estaci\u00f3n Belgrano.<\/p>\n<p>Como actividad preparatoria para la XXI Cumbre de Mercociudades, este martes se concretar\u00e1 el seminario titulado \u00abInternacionalizaci\u00f3n de ciudades desaf\u00edos y experiencias a nivel regional\u00bb. La actividad, que tendr\u00e1 lugar a las 8 en la planta alta del Centro de Convenciones Estaci\u00f3n Belgrano (Bulevar G\u00e1lvez 1150), contar\u00e1 con la participaci\u00f3n de autoridades municipales, provinciales y nacionales; miembros del Consejo Argentino para la Relaciones Internacionales; as\u00ed como de representantes de la Universidad Nacional del Litoral (UNL) y de la Universidad Nacional de Rosario.<\/p>\n<p>Cabe se\u00f1alar que este Seminario es organizado de forma conjunta entre la Agencia de Cooperaci\u00f3n, Inversiones y Comercio Exterior del Gobierno de la Ciudad y la UNL, con el apoyo de Mercociudades, el Consejo Argentino de Relaciones Internacionales (CARI), la Secretar\u00eda de Relaciones Internacionales de la Provincia de Santa Fe y la Universidad Cat\u00f3lica de Santa Fe.<\/p>\n<p>Durante el seminario, se presentar\u00e1n avances del programa de la Cumbre, a realizarse del 23 al 25 de noviembre en Santa Fe, momento en que la Ciudad asumir\u00e1 la Presidencia de Mercociudades.<\/p>\n<h6>Fuente: Sin Mordaza<\/h6>\n","protected":false},"excerpt":{"rendered":"<p>Titulado \u00abInternacionalizaci\u00f3n de ciudades desaf\u00edos y experiencias a nivel regional\u00bb, se concretar\u00e1 este martes a las 8 en la Estaci\u00f3n Belgrano.<\/p>\n","protected":false},"author":2,"featured_media":52852,"comment_status":"closed","ping_status":"closed","sticky":false,"template":"","format":"standard","meta":{"footnotes":""},"categories":[2],"tags":[10],"class_list":["post-52851","post","type-post","status-publish","format-standard","has-post-thumbnail","hentry","category-informe-municipal","tag-santa-fe"],"_links":{"self":[{"href":"http:\/\/argentinamunicipal.com.ar\/argentina\/wp-json\/wp\/v2\/posts\/52851","targetHints":{"allow":["GET"]}}],"collection":[{"href":"http:\/\/argentinamunicipal.com.ar\/argentina\/wp-json\/wp\/v2\/posts"}],"about":[{"href":"http:\/\/argentinamunicipal.com.ar\/argentina\/wp-json\/wp\/v2\/types\/post"}],"author":[{"embeddable":true,"href":"http:\/\/argentinamunicipal.com.ar\/argentina\/wp-json\/wp\/v2\/users\/2"}],"replies":[{"embeddable":true,"href":"http:\/\/argentinamunicipal.com.ar\/argentina\/wp-json\/wp\/v2\/comments?post=52851"}],"version-history":[{"count":0,"href":"http:\/\/argentinamunicipal.com.ar\/argentina\/wp-json\/wp\/v2\/posts\/52851\/revisions"}],"wp:featuredmedia":[{"embeddable":true,"href":"http:\/\/argentinamunicipal.com.ar\/argentina\/wp-json\/wp\/v2\/media\/52852"}],"wp:attachment":[{"href":"http:\/\/argentinamunicipal.com.ar\/argentina\/wp-json\/wp\/v2\/media?parent=52851"}],"wp:term":[{"taxonomy":"category","embeddable":true,"href":"http:\/\/argentinamunicipal.com.ar\/argentina\/wp-json\/wp\/v2\/categories?post=52851"},{"taxonomy":"post_tag","embeddable":true,"href":"http:\/\/argentinamunicipal.com.ar\/argentina\/wp-json\/wp\/v2\/tags?post=52851"}],"curies":[{"name":"wp","href":"https:\/\/api.w.org\/{rel}","templated":true}]}}