{"id":52866,"date":"2016-08-30T07:54:03","date_gmt":"2016-08-30T10:54:03","guid":{"rendered":"http:\/\/argentinamunicipal.com.ar\/argentina\/?p=52866"},"modified":"2016-08-30T07:54:03","modified_gmt":"2016-08-30T10:54:03","slug":"cordoba-la-comuna-se-cargo-montar-una-estacion-servicio-pueblo-no-tenia","status":"publish","type":"post","link":"http:\/\/argentinamunicipal.com.ar\/argentina\/cordoba-la-comuna-se-cargo-montar-una-estacion-servicio-pueblo-no-tenia\/","title":{"rendered":"C\u00f3rdoba: La comuna que se hizo cargo de montar una estaci\u00f3n de servicio, en un pueblo que no ten\u00eda"},"content":{"rendered":"<p>Se trata de Las Caleras de Calamuchita, de apenas 400 habitantes. La inversi\u00f3n inicial es cercana al mill\u00f3n de pesos. Una empresa local aport\u00f3 el terreno.<\/p>\n<p>La comuna de Las Caleras de Calamuchita invirti\u00f3 en una estaci\u00f3n de servicio propia.El peque\u00f1o pueblo no cuenta hasrta ahora con ese servicio. Aunque no es la primera comuna que s ehago cargo de esa inversi\u00f3n, resulta llamativo dado los muy escasos antecedentes que hay.<\/p>\n<p>En este caso, la operar\u00e1 la Cooperativa de Obras y Servicios local. El desembolso inicial de la comuna es cercano a un mill\u00f3n de pesos, seg\u00fan coment\u00f3 la presidenta de la comuna, Wilma Oviedo (54), quien transita su cuarto per\u00edodo consecutivo.<\/p>\n<p>Detall\u00f3 que si bien gran parte se realiza con fondos propios de la comuna, tambi\u00e9n recibi\u00f3 un aporte de la Provincia de 200 mil pesos, adem\u00e1s de la donaci\u00f3n del lote (del empresario local Luis Maero). En el sitio ya avanza el montaje de la planta de expendio de combustible, sobre la ruta provincia E68. Tambi\u00e9n se rubric\u00f3 un convenio con Oil que suministrar\u00e1 el combustible.<\/p>\n<p>Las Caleras est\u00e1 ubicada al sur del valle de Calamuchita. Se puede acceder desde La Cruz hacia el sur, o desde Berrotar\u00e1n (ruta 36).<\/p>\n<p>La inversi\u00f3n resulta importante para una localidad de un presupuesto anual de apenas seis millones de pesos.<\/p>\n<p>Oviedo mencion\u00f3 que la comuna es la due\u00f1a de la estaci\u00f3n de servicio, pero que por ley no puede ser la prestataria. Precis\u00f3 que se pens\u00f3 en dar una soluci\u00f3n a la demanda local, de vecinos y de las cuatro empresas de miner\u00eda (que son grandes consumidores de combustible).<\/p>\n<p>La miner\u00eda es la principal actividad econ\u00f3mica de esta localidad de apenas 400 habitantes.<\/p>\n<h6>Fuente: La Voz del Interior<\/h6>\n","protected":false},"excerpt":{"rendered":"<p>Se trata de Las Caleras de Calamuchita, de apenas 400 habitantes. La inversi\u00f3n inicial es cercana al mill\u00f3n de pesos. Una empresa local aport\u00f3 el terreno. <\/p>\n","protected":false},"author":2,"featured_media":52867,"comment_status":"closed","ping_status":"closed","sticky":false,"template":"","format":"standard","meta":{"footnotes":""},"categories":[2],"tags":[3],"class_list":["post-52866","post","type-post","status-publish","format-standard","has-post-thumbnail","hentry","category-informe-municipal","tag-cordoba"],"_links":{"self":[{"href":"http:\/\/argentinamunicipal.com.ar\/argentina\/wp-json\/wp\/v2\/posts\/52866","targetHints":{"allow":["GET"]}}],"collection":[{"href":"http:\/\/argentinamunicipal.com.ar\/argentina\/wp-json\/wp\/v2\/posts"}],"about":[{"href":"http:\/\/argentinamunicipal.com.ar\/argentina\/wp-json\/wp\/v2\/types\/post"}],"author":[{"embeddable":true,"href":"http:\/\/argentinamunicipal.com.ar\/argentina\/wp-json\/wp\/v2\/users\/2"}],"replies":[{"embeddable":true,"href":"http:\/\/argentinamunicipal.com.ar\/argentina\/wp-json\/wp\/v2\/comments?post=52866"}],"version-history":[{"count":0,"href":"http:\/\/argentinamunicipal.com.ar\/argentina\/wp-json\/wp\/v2\/posts\/52866\/revisions"}],"wp:featuredmedia":[{"embeddable":true,"href":"http:\/\/argentinamunicipal.com.ar\/argentina\/wp-json\/wp\/v2\/media\/52867"}],"wp:attachment":[{"href":"http:\/\/argentinamunicipal.com.ar\/argentina\/wp-json\/wp\/v2\/media?parent=52866"}],"wp:term":[{"taxonomy":"category","embeddable":true,"href":"http:\/\/argentinamunicipal.com.ar\/argentina\/wp-json\/wp\/v2\/categories?post=52866"},{"taxonomy":"post_tag","embeddable":true,"href":"http:\/\/argentinamunicipal.com.ar\/argentina\/wp-json\/wp\/v2\/tags?post=52866"}],"curies":[{"name":"wp","href":"https:\/\/api.w.org\/{rel}","templated":true}]}}