{"id":5289,"date":"2014-03-31T08:59:11","date_gmt":"2014-03-31T11:59:11","guid":{"rendered":"http:\/\/argentinamunicipal.com.ar\/argentina\/?p=5289"},"modified":"2014-03-31T08:59:11","modified_gmt":"2014-03-31T11:59:11","slug":"en-frias-ponen-limite-a-las-pintadas-politicas-con-severas-multas","status":"publish","type":"post","link":"http:\/\/argentinamunicipal.com.ar\/argentina\/en-frias-ponen-limite-a-las-pintadas-politicas-con-severas-multas\/","title":{"rendered":"En Fr\u00edas ponen l\u00edmite a las pintadas pol\u00edticas con severas multas"},"content":{"rendered":"<p><a href=\"http:\/\/argentinamunicipal.com.ar\/argentina\/wp-content\/uploads\/2014\/03\/5338b11763p26_001.jpg\"><img loading=\"lazy\" decoding=\"async\" class=\"aligncenter size-full wp-image-5292\" alt=\"5338b11763p26_001\" src=\"http:\/\/argentinamunicipal.com.ar\/argentina\/wp-content\/uploads\/2014\/03\/5338b11763p26_001.jpg\" width=\"600\" height=\"400\" srcset=\"http:\/\/argentinamunicipal.com.ar\/argentina\/wp-content\/uploads\/2014\/03\/5338b11763p26_001.jpg 600w, http:\/\/argentinamunicipal.com.ar\/argentina\/wp-content\/uploads\/2014\/03\/5338b11763p26_001-300x200.jpg 300w\" sizes=\"auto, (max-width: 600px) 100vw, 600px\" \/><\/a><\/p>\n<p>Mediante una nueva ordenanza se proteger\u00e1 los edificios p\u00fablicos y privados, los sem\u00e1foros y carteles.<\/p>\n<p>El Concejo Deliberante de Fr\u00edas estudia la posibilidad de limitar y en caso de ser necesario prohibir la propaganda electoral en tiempos de campa\u00f1as pol\u00edticas, ya que las mismas muchas veces se exceden con pintadas de grandes dimensiones.<\/p>\n<p>El proyecto de ordenanza, que se encuentra en plenario de comisiones, entre sus considerandos se\u00f1ala que \u2018las pintadas en exceso afectan la limpieza de la ciudad y est\u00e1n fuera de las normas de respecto para con los vecinos que habitan esta ciudad\u2019.<\/p>\n<p>Los concejales estudian la actualizaci\u00f3n de normas vigentes, como los son las ordenanzas N\u00ba 266 y N\u00ba 157, por medio de las cuales se regularizan este tipo de actividades durante los tiempos de campa\u00f1a electoral.<\/p>\n<h3>Aplicaci\u00f3n<\/h3>\n<p>Las nuevas medidas ser\u00e1n estrictas en cuanto a prohibici\u00f3n de propaganda pol\u00edtica pintada sobre paredes de edificios p\u00fablicos, monumentos hist\u00f3ricos, bienes del patrimonio cultural de la ciudad, edificios y viviendas privados, como as\u00ed tambi\u00e9n se proteger\u00e1 espacios como sem\u00e1foros y carteles indicadores de calles o referentes de la ciudad.<\/p>\n<p>Finalmente la nueva ordenanza contempla la aplicaci\u00f3n de sanciones con severas multas, seg\u00fan la gravedad de cada caso, las que recaer\u00e1n sobre los partidos pol\u00edticos a los pertenezcan las pintadas o afiches en cuesti\u00f3n, como as\u00ed tambi\u00e9n a los dirigentes a los que hagan referencias las mismas.<\/p>\n<p>Medidas similares se est\u00e1n impulsando en otras comunidades del interior santiague\u00f1o, como Nueva Esperanza, donde qued\u00f3 pendiente en la \u00faltima sesi\u00f3n un proyecto de ordenanza.<\/p>\n<h6>Fuente: El Liberal de Santiago<\/h6>\n","protected":false},"excerpt":{"rendered":"<p>Mediante una nueva ordenanza se proteger\u00e1 los edificios p\u00fablicos y privados, los sem\u00e1foros y carteles. El Concejo Deliberante de Fr\u00edas estudia la posibilidad de limitar y en caso de ser necesario prohibir la propaganda electoral en tiempos de campa\u00f1as pol\u00edticas, ya que las mismas muchas veces se exceden con pintadas de grandes dimensiones. El proyecto<\/p>\n","protected":false},"author":1,"featured_media":5292,"comment_status":"closed","ping_status":"closed","sticky":false,"template":"","format":"standard","meta":{"footnotes":""},"categories":[2],"tags":[37],"class_list":["post-5289","post","type-post","status-publish","format-standard","has-post-thumbnail","hentry","category-informe-municipal","tag-santiago-del-estero"],"_links":{"self":[{"href":"http:\/\/argentinamunicipal.com.ar\/argentina\/wp-json\/wp\/v2\/posts\/5289","targetHints":{"allow":["GET"]}}],"collection":[{"href":"http:\/\/argentinamunicipal.com.ar\/argentina\/wp-json\/wp\/v2\/posts"}],"about":[{"href":"http:\/\/argentinamunicipal.com.ar\/argentina\/wp-json\/wp\/v2\/types\/post"}],"author":[{"embeddable":true,"href":"http:\/\/argentinamunicipal.com.ar\/argentina\/wp-json\/wp\/v2\/users\/1"}],"replies":[{"embeddable":true,"href":"http:\/\/argentinamunicipal.com.ar\/argentina\/wp-json\/wp\/v2\/comments?post=5289"}],"version-history":[{"count":0,"href":"http:\/\/argentinamunicipal.com.ar\/argentina\/wp-json\/wp\/v2\/posts\/5289\/revisions"}],"wp:featuredmedia":[{"embeddable":true,"href":"http:\/\/argentinamunicipal.com.ar\/argentina\/wp-json\/wp\/v2\/media\/5292"}],"wp:attachment":[{"href":"http:\/\/argentinamunicipal.com.ar\/argentina\/wp-json\/wp\/v2\/media?parent=5289"}],"wp:term":[{"taxonomy":"category","embeddable":true,"href":"http:\/\/argentinamunicipal.com.ar\/argentina\/wp-json\/wp\/v2\/categories?post=5289"},{"taxonomy":"post_tag","embeddable":true,"href":"http:\/\/argentinamunicipal.com.ar\/argentina\/wp-json\/wp\/v2\/tags?post=5289"}],"curies":[{"name":"wp","href":"https:\/\/api.w.org\/{rel}","templated":true}]}}