{"id":52899,"date":"2016-08-30T08:38:43","date_gmt":"2016-08-30T11:38:43","guid":{"rendered":"http:\/\/argentinamunicipal.com.ar\/argentina\/?p=52899"},"modified":"2016-08-30T08:38:43","modified_gmt":"2016-08-30T11:38:43","slug":"fiesta-nacional-del-inmigrante-obera-del-1-al-11-septiembre","status":"publish","type":"post","link":"http:\/\/argentinamunicipal.com.ar\/argentina\/fiesta-nacional-del-inmigrante-obera-del-1-al-11-septiembre\/","title":{"rendered":"Fiesta Nacional del Inmigrante, Ober\u00e1, del 1 al 11 de septiembre"},"content":{"rendered":"<p>Desde 1980 se festeja La Fiesta Nacional del Inmigrante o de las Colectividades en Ober\u00e1. Igual que en aquellos tiempos, hoy contin\u00faa vivo el mismo esp\u00edritu de rendirle tributo a sus pa\u00edses de origen.<\/p>\n<p>Fue en 1980 en Ober\u00e1, cuando un grupo de vecinos inmigrantes decidieron reunirse para compartir sus comidas y costumbres t\u00edpicas, tra\u00eddas de su pa\u00edses de origen.<\/p>\n<p>Si bien al principio eran pocas las familias participantes, a\u00f1o tras a\u00f1o comenzaron a sumarse integrantes a este festejo que fue bautizado como Fiesta del Inmigrante, hasta que obtuvo el car\u00e1cter de Nacional por ser declarado de inter\u00e9s cultural para todo el pa\u00eds.<\/p>\n<p>La fiesta pas\u00f3 as\u00ed a ser un cl\u00e1sico del mes de Septiembre. A\u00f1o a a\u00f1o, las colectividades se formaban y sumaban a la iniciativa de compartir sus tradiciones y origenes en esta particular fiesta, que paso de ser provincial a Nacional, siendo su sede permanente la ciudad misionerade Ober\u00e1.<\/p>\n<p>La Federaci\u00f3n de Colectividades es la responsable de organizar la fiesta (a trav\u00e9s de una comisi\u00f3n organizadora), a lo que se suma tambi\u00e9n el cuidado y mantenci\u00f3n del Parque de las Naciones.<\/p>\n<p>Como la fiesta fue creciendo con los a\u00f1os, dentro del Parque cada colectividad comenz\u00f3 a tener su lugar y as\u00ed construy\u00f3 su casa t\u00edpica, lo que dio lugar a que a partir del a\u00f1o 1997 la Fiesta Nacional del Inmigrante se realiza en el Parque de las Naciones, donde durante las jornadas se llevan a cabo actividades sociales, culturales, deportivas y recreativas, en un festivo clima de convivencia que re\u00fane a obere\u00f1os y a visitantes de Argentina y del mundo.<\/p>\n<h6>Fuente: Welcome Argentina<\/h6>\n","protected":false},"excerpt":{"rendered":"<p>Desde 1980 se festeja La Fiesta Nacional del Inmigrante o de las Colectividades en Ober\u00e1. Igual que en aquellos tiempos, hoy contin\u00faa vivo el mismo esp\u00edritu de rendirle tributo a sus pa\u00edses de origen.<\/p>\n","protected":false},"author":2,"featured_media":52900,"comment_status":"closed","ping_status":"closed","sticky":false,"template":"","format":"standard","meta":{"footnotes":""},"categories":[47],"tags":[27],"class_list":["post-52899","post","type-post","status-publish","format-standard","has-post-thumbnail","hentry","category-fiestas","tag-misiones"],"_links":{"self":[{"href":"http:\/\/argentinamunicipal.com.ar\/argentina\/wp-json\/wp\/v2\/posts\/52899","targetHints":{"allow":["GET"]}}],"collection":[{"href":"http:\/\/argentinamunicipal.com.ar\/argentina\/wp-json\/wp\/v2\/posts"}],"about":[{"href":"http:\/\/argentinamunicipal.com.ar\/argentina\/wp-json\/wp\/v2\/types\/post"}],"author":[{"embeddable":true,"href":"http:\/\/argentinamunicipal.com.ar\/argentina\/wp-json\/wp\/v2\/users\/2"}],"replies":[{"embeddable":true,"href":"http:\/\/argentinamunicipal.com.ar\/argentina\/wp-json\/wp\/v2\/comments?post=52899"}],"version-history":[{"count":0,"href":"http:\/\/argentinamunicipal.com.ar\/argentina\/wp-json\/wp\/v2\/posts\/52899\/revisions"}],"wp:featuredmedia":[{"embeddable":true,"href":"http:\/\/argentinamunicipal.com.ar\/argentina\/wp-json\/wp\/v2\/media\/52900"}],"wp:attachment":[{"href":"http:\/\/argentinamunicipal.com.ar\/argentina\/wp-json\/wp\/v2\/media?parent=52899"}],"wp:term":[{"taxonomy":"category","embeddable":true,"href":"http:\/\/argentinamunicipal.com.ar\/argentina\/wp-json\/wp\/v2\/categories?post=52899"},{"taxonomy":"post_tag","embeddable":true,"href":"http:\/\/argentinamunicipal.com.ar\/argentina\/wp-json\/wp\/v2\/tags?post=52899"}],"curies":[{"name":"wp","href":"https:\/\/api.w.org\/{rel}","templated":true}]}}