{"id":52921,"date":"2016-08-31T06:18:12","date_gmt":"2016-08-31T09:18:12","guid":{"rendered":"http:\/\/argentinamunicipal.com.ar\/argentina\/?p=52921"},"modified":"2016-08-31T07:21:49","modified_gmt":"2016-08-31T10:21:49","slug":"la-provincia-cordoba-advierte-crecimiento-nuevos-pobres","status":"publish","type":"post","link":"http:\/\/argentinamunicipal.com.ar\/argentina\/la-provincia-cordoba-advierte-crecimiento-nuevos-pobres\/","title":{"rendered":"La Provincia de C\u00f3rdoba advierte sobre el crecimiento de \u201cnuevos pobres\u201d"},"content":{"rendered":"<p>El ministro Rufeil dijo que la desocupaci\u00f3n ha agravado la situaci\u00f3n social. La demanda de alimentos subi\u00f3 un 20% y las ayudas para alquileres un 30%. Se puso en marcha el Programa H\u00e1bitat Inclusivo<\/p>\n<p>La Provincia advirti\u00f3 ayer sobre el crecimiento de \u201cnuevos pobres\u201d en C\u00f3rdoba a ra\u00edz de los nuevos despidos que se han producido \u00faltimamente.<\/p>\n<p>\u201cEst\u00e1 claro que la provincia tiene un 30 por ciento de la poblaci\u00f3n por debajo del nivel de pobreza. Y ahora con los nuevos despidos y la gente desocupada eso se vio afectado\u201d, dijo ayer el ministro de Desarrollo Social de la Provincia, Rodrigo Rufeil, en su visita a R\u00edo Cuarto.<\/p>\n<p>Junto con el intendente Juan Manuel Llamosas, Rufeil puso en marcha el Programa H\u00e1bitat Inclusivo en el barrio Obrero.<\/p>\n<p>Se trata de la puesta en funcionamiento de obras de infraestructura y de la promoci\u00f3n de proyectos sociales en el marco del Programa Mejoramiento de Barrios (Promeba).<\/p>\n<p>En el sal\u00f3n de la Parroquia Cristo Obrero tambi\u00e9n estuvieron presentes el legislador provincial Carlos Guti\u00e9rrez; el secretario de Inclusi\u00f3n Social, Gustavo Medina; el director general de H\u00e1bitat,\u00a0 Franco Facta; el director de Jurisdicci\u00f3n de H\u00e1bitat, Luis V\u00e9lez; el jefe del \u00c1rea de Relaciones con la Comunidad de la Direcci\u00f3n General de H\u00e1bitat, Aldo Arias; la directora general de la Delegaci\u00f3n del Gobierno en R\u00edo Cuarto, Samantha David; el responsable del Ministerio de Desarrollo Social en R\u00edo Cuarto, Roberto Aguilera, y el secretario de Desarrollo Econ\u00f3mico y Social, Camilo Vieyra.<\/p>\n<p>Por medio del mencionado programa, la Provincia busca \u201cpromover un h\u00e1bitat urbano inclusivo y sustentable a trav\u00e9s de la intervenci\u00f3n en obras p\u00fablicas y la promoci\u00f3n del capital humano y social en las zonas vulnerables\u201d.<\/p>\n<p>El plan consiste en la ejecuci\u00f3n de obras de infraestructura y fortalecimiento comunitario en el barrio Obrero.<\/p>\n<p>Contempla una inversi\u00f3n de $ 35.593.468, con la que se realizar\u00e1n obras de agua potable, cloacas, desag\u00fces pluviales, red el\u00e9ctrica y alumbrado p\u00fablico, entre otras.<\/p>\n<p>-\u00bfHa crecido la demanda social en la provincia?, -le pregunt\u00f3 PUNTAL al ministro Rufeil.<\/p>\n<p>-S\u00ed. Nosotros tenemos registrado un porcentaje no mayor al 20 por ciento en lo que es alimentos. Pero lo que s\u00ed ha subido mucho, en m\u00e1s de un 30 por ciento, es la ayuda a familias para pagar el alquiler y la cuota del colegio. El tema de la inflaci\u00f3n ha afectado no solamente a las familias que ten\u00edan imposibilidades de conseguir un alimento sino tambi\u00e9n a las familias que ya estaban medianamente constituidas. La inflaci\u00f3n las ha afectado fundamentalmente con el tema del pago del alquiler.<\/p>\n<p>-\u00bfSe trata de los nuevos pobres?<\/p>\n<p>-Est\u00e1 claro que la provincia tiene un 30 por ciento de la poblaci\u00f3n por debajo del nivel de pobreza. Y ahora con los nuevos despidos y la gente desocupada eso se vio afectado.<\/p>\n<p>\u201cProblema macro\u201d<\/p>\n<p>\u201c\u00c9ste es un problema macro. Y tiene que ver b\u00e1sicamente con la cuesti\u00f3n econ\u00f3mica del pa\u00eds. Hasta que lo macro no se aclare, todas estas complicaciones las vamos a tener que trabajar con los intendentes\u201d, sostuvo.<\/p>\n<p>Y a\u00f1adi\u00f3: \u201cNosotros venimos trabajando fuertemente desde que asumi\u00f3 el intendente Llamosas para determinar el diagn\u00f3stico final, y en funci\u00f3n de eso poner todo a disposici\u00f3n para que la Municipalidad pueda dar soluciones concretas\u201d.<\/p>\n<p>Rufeil tambi\u00e9n dijo que \u201cse han reforzado no solamente las partidas sino que se ha puesto en marcha un plan con diferentes programas para ayudar\u00a0 a los que menos recursos tienen\u201d.<\/p>\n<p>Consultado en torno de cu\u00e1ndo se pondr\u00e1 en pr\u00e1ctica la tarjeta social, el ministro respondi\u00f3: \u201cR\u00e1pidamente. Ya hemos firmado los convenios con la Provincia. Falta acordar con la Naci\u00f3n algunos puntos de ese convenio\u201d.<\/p>\n<p>En la oportunidad, Rufeil explic\u00f3: \u201cLa firma de este convenio espec\u00edfico permite darle un primer impulso fuerte en obras de infraestructura al barrio Obrero, as\u00ed como tambi\u00e9n la implementaci\u00f3n de proyectos sociales,\u00a0 que el programa articula\u201d.<\/p>\n<p>\u201cSe trata de una inversi\u00f3n de 35 millones de pesos que v\u00eda programa de la Naci\u00f3n, la coordinaci\u00f3n de la Provincia y la ejecuci\u00f3n del Municipio van a poder transformar este barrio en uno mucho mejor de lo que est\u00e1\u201d, se\u00f1al\u00f3.<\/p>\n<p>Y acot\u00f3: \u201c\u00c9sta es una primera etapa, pero ya tenemos prevista una segunda que se encuentra en planificaci\u00f3n para definir el proyecto, el monto necesario y las obras a ejecutar\u201d.<\/p>\n<p>\u201cEl plazo de ejecuci\u00f3n de obras de infraestructura es de 12 meses, y de 18 para la implementaci\u00f3n de los programas sociales\u201d, puntualiz\u00f3.<\/p>\n<p>La propuesta de intervenci\u00f3n social comprende capacitaciones en oficios, plantadas comunitarias, campa\u00f1as de concientizaci\u00f3n, talleres de reciclaje, deportes, empleo, alimentaci\u00f3n y nutrici\u00f3n, murales y pintadas.<\/p>\n<p>Dijo Llamosas<\/p>\n<p>Por su parte, Llamosas afirm\u00f3: \u201cEste programa traer\u00e1 un cambio sustancial que mejorar\u00e1 la calidad de vida de los vecinos. Ser\u00e1n m\u00e1s de 30 cuadras intervenidas y beneficiar\u00e1 a m\u00e1s de 500 vecinos\u201d.<\/p>\n<h6>Fuente: Puntal<\/h6>\n","protected":false},"excerpt":{"rendered":"<p>El ministro Rufeil dijo que la desocupaci\u00f3n ha agravado la situaci\u00f3n social. La demanda de alimentos subi\u00f3 un 20% y las ayudas para alquileres un 30%. Se puso en marcha el Programa H\u00e1bitat Inclusivo<\/p>\n","protected":false},"author":2,"featured_media":52922,"comment_status":"closed","ping_status":"closed","sticky":false,"template":"","format":"standard","meta":{"footnotes":""},"categories":[65],"tags":[3],"class_list":["post-52921","post","type-post","status-publish","format-standard","has-post-thumbnail","hentry","category-provincias","tag-cordoba"],"_links":{"self":[{"href":"http:\/\/argentinamunicipal.com.ar\/argentina\/wp-json\/wp\/v2\/posts\/52921","targetHints":{"allow":["GET"]}}],"collection":[{"href":"http:\/\/argentinamunicipal.com.ar\/argentina\/wp-json\/wp\/v2\/posts"}],"about":[{"href":"http:\/\/argentinamunicipal.com.ar\/argentina\/wp-json\/wp\/v2\/types\/post"}],"author":[{"embeddable":true,"href":"http:\/\/argentinamunicipal.com.ar\/argentina\/wp-json\/wp\/v2\/users\/2"}],"replies":[{"embeddable":true,"href":"http:\/\/argentinamunicipal.com.ar\/argentina\/wp-json\/wp\/v2\/comments?post=52921"}],"version-history":[{"count":0,"href":"http:\/\/argentinamunicipal.com.ar\/argentina\/wp-json\/wp\/v2\/posts\/52921\/revisions"}],"wp:featuredmedia":[{"embeddable":true,"href":"http:\/\/argentinamunicipal.com.ar\/argentina\/wp-json\/wp\/v2\/media\/52922"}],"wp:attachment":[{"href":"http:\/\/argentinamunicipal.com.ar\/argentina\/wp-json\/wp\/v2\/media?parent=52921"}],"wp:term":[{"taxonomy":"category","embeddable":true,"href":"http:\/\/argentinamunicipal.com.ar\/argentina\/wp-json\/wp\/v2\/categories?post=52921"},{"taxonomy":"post_tag","embeddable":true,"href":"http:\/\/argentinamunicipal.com.ar\/argentina\/wp-json\/wp\/v2\/tags?post=52921"}],"curies":[{"name":"wp","href":"https:\/\/api.w.org\/{rel}","templated":true}]}}