{"id":52930,"date":"2016-08-31T07:38:12","date_gmt":"2016-08-31T10:38:12","guid":{"rendered":"http:\/\/argentinamunicipal.com.ar\/argentina\/?p=52930"},"modified":"2016-08-31T07:38:12","modified_gmt":"2016-08-31T10:38:12","slug":"trabajadores-pais-se-movilizaran-plaza-mayo-los-despidos-la-pobreza-tarifazo","status":"publish","type":"post","link":"http:\/\/argentinamunicipal.com.ar\/argentina\/trabajadores-pais-se-movilizaran-plaza-mayo-los-despidos-la-pobreza-tarifazo\/","title":{"rendered":"Trabajadores de todo el pa\u00eds se movilizar\u00e1n a Plaza de Mayo contra los despidos, la pobreza y el tarifazo"},"content":{"rendered":"<p>Las dos Centrales de Trabajadores Argentinos, la Corriente Federal, y regionales y sindicatos de la CGT comienzan hoy la marcha en repudio a \u201clos tarifazos, los despidos y el ajuste\u201d. Esperan una respuesta masiva que abra el camino de un paro.<\/p>\n<p>Desde cinco regiones del pa\u00eds arranca hoy la Marcha Federal \u201ccontra los tarifazos, los despidos y el ajuste\u201d que convocan las dos Centrales de Trabajadores de la Argentina (CTA) y a la que se sumaron la Corriente Federal, regionales y sindicatos de la CGT y el sindicalismo combativo, organizaciones sociales, estudiantiles y derechos humanos, de Pymes, peque\u00f1os agricultores, las cooperativas de f\u00e1bricas recuperadas, las multisectoriales contra el tarifazo y partidos pol\u00edticos. Bajo la consigna de \u201carticulaci\u00f3n popular\u201d y \u201cun pueblo movilizado\u201d en defensa de sus derechos, las columnas que comienzan su marcha desde Mendoza, Jujuy, Formosa y Chubut converger\u00e1n el viernes en distintos puntos del conurbano bonaerense para ingresar a Plaza de Mayo donde se realizar\u00e1 un acto contra las pol\u00edticas socioecon\u00f3micas del gobierno de Mauricio Macri.<\/p>\n<p>\u201cEs un punto de unidad entre el movimiento sindical y el movimiento social contra el tarifazo, el reclamo es que se declare la emergencia social y se incorpore a la agenda la garant\u00eda ocupacional, se mantengan los niveles de ingresos para trabajadores y asalariados y se desarrolle un programa de sustentabilidad para las Pymes y peque\u00f1os productores que son inundados por el ingreso de mercader\u00edas importadas\u201d, sintetiz\u00f3 el secretario de la CTA de los Trabajadores, Hugo Yasky.<\/p>\n<p>Yasky participar\u00e1 hoy de la partida de la columna que unir\u00e1 en el Cerro de la Gloria en Mendoza a los manifestantes de San Juan y San Luis y que ma\u00f1ana llegar\u00e1n a la ciudad de C\u00f3rdoba. All\u00ed habr\u00e1 un acto en la c\u00e9ntrica esquina de Col\u00f3n y General Paz, que encabezar\u00e1 la regional de la CGT y que sumar\u00e1 a la columna del NOA que arranca hoy desde Jujuy y atravesar\u00e1 Salta, Tucum\u00e1n y Santiago del Estero, adem\u00e1s de las que partir\u00e1n desde Catamarca y La Rioja.<\/p>\n<p>La columna procedente del NEA, que unir\u00e1 en Corrientes a los manifestantes de Misiones, Formosa y Chaco participar\u00e1 del acto en la ciudad de Santa Fe que organiza la CGT regional. Luego se unir\u00e1 a la marcha que viene desde Cuyo en Rosario, donde se espera uno de los actos m\u00e1s importantes antes de llegar a Plaza de Mayo y que estar\u00e1 a cargo de la corriente cegetista Movimiento Sindical Rosario y la regional San Lorenzo de la CGT y donde uno de los oradores ser\u00e1 el secretario general de la Asociaci\u00f3n Bancaria, Sergio Palazzo.<\/p>\n<p>Desde Chubut partir\u00e1n las dos columnas patag\u00f3nicas. Una lo har\u00e1 desde la cordillerana Esquel, pasar\u00e1 por Bariloche, Neuqu\u00e9n, Santa Rosa y la bonaerense Chivilcoy donde se sumar\u00e1n peque\u00f1os productores agropecuarios antes de arribar a Capital. La otra saldr\u00e1 desde la petrolera Comodoro Rivadavia, recorrer\u00e1 Viedma, Bah\u00eda Blanca, Tres Arroyos y se realizar\u00e1 un acto en Mar del Plata con la CGT regional.<\/p>\n<p>\u2013\u00bfCu\u00e1les son las expectativas de la convocatoria? \u2013pregunt\u00f3 P\u00e1gina\/12.<\/p>\n<p>\u2013Esperamos una respuesta multitudinaria que sirva de antesala para la concertaci\u00f3n de un paro nacional del que participen todas las centrales sindicales para exigir la declaraci\u00f3n de la emergencia social, contra el tarifazo y la reapertura de las paritarias. Que nos permita a los sectores populares un cambio de escenario para reclamarle al gobierno, que solo favorece a los sectores concentrados de la econom\u00eda, retomar un a propuesta de desarrollo de las Pymes, crecimiento de los sectores populares y creaci\u00f3n de empleo. Porque est\u00e1 claro que la realidad ha demostrado que las promesas del segundo semestre son pura fantas\u00eda y hay una recesi\u00f3n que se profundiza d\u00eda a d\u00eda \u2013respondi\u00f3 Yasky.<\/p>\n<p>El viernes, las columnas que marcharon desde Cuyo y la Patagonia participar\u00e1n de un acto en la Plaza Alsina de Avellaneda, antes de cruzar el Puente Pueyrred\u00f3n e ingresar a la Plaza de Mayo. En tanto, las movilizaciones que llegan desde el NOA y el NEA realizar\u00e1n un acto en el municipio de La Matanza y luego marchar\u00e1n hasta el barrio porte\u00f1o de Once, donde se sumar\u00e1n los manifestantes de la Ciudad.<\/p>\n<p>El acto central est\u00e1 previsto para las cinco de la tarde del viernes en Plaza de Mayo, donde habr\u00e1 un escenario y tres gradas para las organizaciones que participaron de la organizaci\u00f3n de la Marcha Federal. Cinco mujeres procedentes de las distintas columnas que recorrieron el territorio nacional leer\u00e1n el documento conjunto.<\/p>\n<p>El secretario general de la Central Unica de Trabajadores (CUT) de Brasil \u2013har\u00e1 referencia al golpe de estado a la presidente Dilma Rousseff y el avance neoliberal en Am\u00e9rica Latina\u2013, Daniel Catalano de ATE Capital, el secretario general de la CTA Aut\u00f3noma, Pablo Micheli, y el propio Yasky cerrar\u00e1n la Marcha Federal, que reedita la modalidad que en 1994 enfrent\u00f3 la pol\u00edtica neoliberal de Carlos Menem.<\/p>\n<h6>Fuente: P\u00e1gina 12<\/h6>\n","protected":false},"excerpt":{"rendered":"<p>Las dos Centrales de Trabajadores Argentinos, la Corriente Federal, y regionales y sindicatos de la CGT comienzan hoy la marcha en repudio a \u201clos tarifazos, los despidos y el ajuste\u201d. Esperan una respuesta masiva que abra el camino de un paro.<\/p>\n","protected":false},"author":2,"featured_media":52931,"comment_status":"closed","ping_status":"closed","sticky":false,"template":"","format":"standard","meta":{"footnotes":""},"categories":[8],"tags":[21],"class_list":["post-52930","post","type-post","status-publish","format-standard","has-post-thumbnail","hentry","category-informe-nacional","tag-argentina"],"_links":{"self":[{"href":"http:\/\/argentinamunicipal.com.ar\/argentina\/wp-json\/wp\/v2\/posts\/52930","targetHints":{"allow":["GET"]}}],"collection":[{"href":"http:\/\/argentinamunicipal.com.ar\/argentina\/wp-json\/wp\/v2\/posts"}],"about":[{"href":"http:\/\/argentinamunicipal.com.ar\/argentina\/wp-json\/wp\/v2\/types\/post"}],"author":[{"embeddable":true,"href":"http:\/\/argentinamunicipal.com.ar\/argentina\/wp-json\/wp\/v2\/users\/2"}],"replies":[{"embeddable":true,"href":"http:\/\/argentinamunicipal.com.ar\/argentina\/wp-json\/wp\/v2\/comments?post=52930"}],"version-history":[{"count":0,"href":"http:\/\/argentinamunicipal.com.ar\/argentina\/wp-json\/wp\/v2\/posts\/52930\/revisions"}],"wp:featuredmedia":[{"embeddable":true,"href":"http:\/\/argentinamunicipal.com.ar\/argentina\/wp-json\/wp\/v2\/media\/52931"}],"wp:attachment":[{"href":"http:\/\/argentinamunicipal.com.ar\/argentina\/wp-json\/wp\/v2\/media?parent=52930"}],"wp:term":[{"taxonomy":"category","embeddable":true,"href":"http:\/\/argentinamunicipal.com.ar\/argentina\/wp-json\/wp\/v2\/categories?post=52930"},{"taxonomy":"post_tag","embeddable":true,"href":"http:\/\/argentinamunicipal.com.ar\/argentina\/wp-json\/wp\/v2\/tags?post=52930"}],"curies":[{"name":"wp","href":"https:\/\/api.w.org\/{rel}","templated":true}]}}