{"id":52936,"date":"2016-08-31T07:46:41","date_gmt":"2016-08-31T10:46:41","guid":{"rendered":"http:\/\/argentinamunicipal.com.ar\/argentina\/?p=52936"},"modified":"2016-08-31T07:46:41","modified_gmt":"2016-08-31T10:46:41","slug":"empleo-la-construccion-tuvo-peor-caida-una-decada","status":"publish","type":"post","link":"http:\/\/argentinamunicipal.com.ar\/argentina\/empleo-la-construccion-tuvo-peor-caida-una-decada\/","title":{"rendered":"El empleo en la construcci\u00f3n tuvo su peor ca\u00edda en una d\u00e9cada"},"content":{"rendered":"<p>Seg\u00fan el Ieric, el trabajo formal en el sector cay\u00f3 14,4 por ciento en junio respecto del mismo mes del a\u00f1o pasado. Fue la baja m\u00e1s profunda de la serie.<\/p>\n<p>El empleo en la construcci\u00f3n cay\u00f3 14,4 por ciento en junio \u00faltimo respecto de igual mes del 2015, el peor nivel en una d\u00e9cada, y mantiene as\u00ed la \u00abtendencia de profundizaci\u00f3n del ritmo de ca\u00edda\u00bb de puestos de trabajo en el sector. As\u00ed lo se\u00f1alo el Instituto de Estad\u00edstica y Registro de la Industria de la Construcci\u00f3n (Ieric), en junio de este a\u00f1o se registraron 365.908 puestos de trabajo formales en la construcci\u00f3n, con una disminuci\u00f3n mensual del 0,5 por ciento, que representa un total de 1.862 puestos menos que en mayo.<\/p>\n<p>La comparativa respecto a igual mes de 2015 \u00abmantiene la tendencia de profundizaci\u00f3n del ritmo de ca\u00edda del empleo sectorial, marcando en junio una contracci\u00f3n del 14,4 por ciento interanual, la tasa m\u00e1s pronunciada de toda la serie hist\u00f3rica, al superar la marca de mayo \u00faltimo\u00bb, alert\u00f3 la entidad.<\/p>\n<p>Adem\u00e1s, puntualiz\u00f3 que el segundo trimestre del a\u00f1o culmin\u00f3 con un promedio de ocupaci\u00f3n de 366.776 puestos de trabajo registrados, es decir, un 0,8 por ciento por debajo del promedio de los primeros tres meses de 2015. \u00abEsta evoluci\u00f3n constituye un hecho at\u00edpico, dada la estacionalidad que presenta la actividad sectorial, que suele recuperarse durante el segundo trimestre de cada a\u00f1o luego de una baja en el per\u00edodo estival\u00bb, resalt\u00f3.<\/p>\n<p>El Ieric detall\u00f3 adem\u00e1s que el primer semestre de 2016 exhibi\u00f3 la media de ocupaci\u00f3n m\u00e1s baja de la serie hist\u00f3rica: 10,2 por ciento menor al promedio de empleo verificado durante igual per\u00edodo de 2015.<\/p>\n<p>Tambi\u00e9n indic\u00f3 que el plantel promedio de las firmas constructoras se ubic\u00f3 en 12,7 puestos de trabajo por empresa durante junio, con una leve baja del 0,2 por ciento en relaci\u00f3n a mayo \u00faltimo.<\/p>\n<p>La entidad destac\u00f3 que por primera vez desde septiembre de 2015 la cantidad de empresas con m\u00e1s de 500 trabajadores registrados en el sector fue superior a la del mes precedente. Pero aclar\u00f3: \u00abEl volumen de ocupaci\u00f3n en las grandes firmas constructoras se mantiene significativamente por debajo del de a\u00f1os anteriores\u00bb.<\/p>\n<p>En tanto, se\u00f1al\u00f3 que en 13 jurisdicciones del pa\u00eds se verific\u00f3 un incremento en la cantidad de puestos de trabajo registrados en relaci\u00f3n a mayo. En este punto, el informe detall\u00f3 que la disminuci\u00f3n mensual en los municipios que conforman el Gran Buenos Aires constituy\u00f3 el factor m\u00e1s relevante para explicar la merma del 0,5 por ciento evidenciada en el total del pa\u00eds.<\/p>\n<p>Salarios. En los primeros seis meses de 2016, el 64,1 por ciento de los trabajadores formales del sector percibi\u00f3 en promedio un salario superior a los 8 mil pesos mensuales, seg\u00fan el Ieric.<\/p>\n<p>El instituto estad\u00edstico subray\u00f3 en ese sentido que el promedio salarial percibido en junio de 2016 por los trabajadores registrados en la construcci\u00f3n fue de 16.872 pesos, monto que representa un alza del 22,9 por ciento interanual, si se tiene en cuenta como influencia el cobro del primer medio aguinaldo del a\u00f1o.<\/p>\n<p>Marcha federal<\/p>\n<p>La Corriente Federal de Trabajadores que lidera el bancario Sergio Palazzo confirm\u00f3 la participaci\u00f3n de los gremios enrolados en el sector de la Marcha Federal convocada por las dos CTA que comienza hoy. La Corriente se concentrar\u00e1 en la intersecci\u00f3n de las avenidas 9 de Julio y Rivadavia, en Capital Federal, el viernes a partir de las 14.30 para la clausura.<\/p>\n<h6>Fuente: La Capital Rosario<\/h6>\n","protected":false},"excerpt":{"rendered":"<p>Seg\u00fan el Ieric, el trabajo formal en el sector cay\u00f3 14,4 por ciento en junio respecto del mismo mes del a\u00f1o pasado. Fue la baja m\u00e1s profunda de la serie.<\/p>\n","protected":false},"author":2,"featured_media":52937,"comment_status":"closed","ping_status":"closed","sticky":false,"template":"","format":"standard","meta":{"footnotes":""},"categories":[8],"tags":[21],"class_list":["post-52936","post","type-post","status-publish","format-standard","has-post-thumbnail","hentry","category-informe-nacional","tag-argentina"],"_links":{"self":[{"href":"http:\/\/argentinamunicipal.com.ar\/argentina\/wp-json\/wp\/v2\/posts\/52936","targetHints":{"allow":["GET"]}}],"collection":[{"href":"http:\/\/argentinamunicipal.com.ar\/argentina\/wp-json\/wp\/v2\/posts"}],"about":[{"href":"http:\/\/argentinamunicipal.com.ar\/argentina\/wp-json\/wp\/v2\/types\/post"}],"author":[{"embeddable":true,"href":"http:\/\/argentinamunicipal.com.ar\/argentina\/wp-json\/wp\/v2\/users\/2"}],"replies":[{"embeddable":true,"href":"http:\/\/argentinamunicipal.com.ar\/argentina\/wp-json\/wp\/v2\/comments?post=52936"}],"version-history":[{"count":0,"href":"http:\/\/argentinamunicipal.com.ar\/argentina\/wp-json\/wp\/v2\/posts\/52936\/revisions"}],"wp:featuredmedia":[{"embeddable":true,"href":"http:\/\/argentinamunicipal.com.ar\/argentina\/wp-json\/wp\/v2\/media\/52937"}],"wp:attachment":[{"href":"http:\/\/argentinamunicipal.com.ar\/argentina\/wp-json\/wp\/v2\/media?parent=52936"}],"wp:term":[{"taxonomy":"category","embeddable":true,"href":"http:\/\/argentinamunicipal.com.ar\/argentina\/wp-json\/wp\/v2\/categories?post=52936"},{"taxonomy":"post_tag","embeddable":true,"href":"http:\/\/argentinamunicipal.com.ar\/argentina\/wp-json\/wp\/v2\/tags?post=52936"}],"curies":[{"name":"wp","href":"https:\/\/api.w.org\/{rel}","templated":true}]}}