{"id":52990,"date":"2016-09-01T08:29:03","date_gmt":"2016-09-01T11:29:03","guid":{"rendered":"http:\/\/argentinamunicipal.com.ar\/argentina\/?p=52990"},"modified":"2016-09-01T08:29:03","modified_gmt":"2016-09-01T11:29:03","slug":"la-industria-se-desplomo-79-ciento-entro-recesion-segun-indec","status":"publish","type":"post","link":"http:\/\/argentinamunicipal.com.ar\/argentina\/la-industria-se-desplomo-79-ciento-entro-recesion-segun-indec\/","title":{"rendered":"La industria se desplom\u00f3 7,9 por ciento y entr\u00f3 en recesi\u00f3n, seg\u00fan el Indec"},"content":{"rendered":"<p>El \u00edndice es el m\u00e1s fuerte en los \u00faltimos 14 a\u00f1os. La principal baja se dio en las tabacaleras, seguida por la impresi\u00f3n, acero y aluminio<\/p>\n<p>La producci\u00f3n industrial registr\u00f3 en julio una ca\u00edda del 7,9 por ciento respecto de igual mes del 2015, la m\u00e1s fuerte en catorce a\u00f1os, y tras sumar seis ca\u00eddas interanuales consecutivas se encuentra en recesi\u00f3n, seg\u00fan datos del Instituto Nacional de Estad\u00edstica y Censos (Indec).<\/p>\n<p>De acuerdo con las cifras del Estimador Mensual Industrial (EMI), en los primeros siete meses del a\u00f1o la contracci\u00f3n del sector industrial lleg\u00f3 al 4 por ciento interanual.<\/p>\n<p>La importante ca\u00edda de julio es la m\u00e1s alta de los \u00faltimos 14 a\u00f1os, ya que la contracci\u00f3n anterior se produjo en agosto del 2002, con una registro negativo del 8,5 por ciento interanual, cuando el pa\u00eds sal\u00eda de la aguda crisis de diciembre del 2001.<\/p>\n<p>La producci\u00f3n manufacturera registra seis mediciones interanuales negativas desde febrero pasado con una baja del 0,1 por ciento, a la que le siguieron un 3,8 en marzo, un 5,2 en abril, un 4,5 por ciento en mayo y un 6,4 por ciento en junio pasado.<\/p>\n<p>Seg\u00fan la Encuesta Cualitativa Industrial que realiza el Indec, solamente un 16,5 por ciento de los empresarios del sector prev\u00e9n un aumento de la actividad en el tercer trimestre del a\u00f1o.<\/p>\n<p>Un 53,7 por ciento de las compa\u00f1\u00edas consultadas estim\u00f3 que la actividad industrial permanecer\u00e1 estable, mientras que un 29,8 proyect\u00f3 que bajar\u00e1 entre agosto y octubre pr\u00f3ximo.<\/p>\n<p>En la comparaci\u00f3n interanual once de los doce rubros de la industria que componen el Estimador Mensual Industrial, mostraron indicadores negativos en julio pasado, con excepci\u00f3n de la elaboraci\u00f3n de sustancias y productos qu\u00edmicos que registr\u00f3 una leve suba del 0,8 por ciento.<\/p>\n<p>La principal baja en la producci\u00f3n se dio en la industria del tabaco que cay\u00f3 un 19 por ciento en julio respecto de igual mes del a\u00f1o anterior y le siguieron edici\u00f3n e impresi\u00f3n, con un 15,3 por ciento; la producci\u00f3n de acero y aluminio, con un 14,2; la producci\u00f3n del papel y cart\u00f3n, con un 13,2; la industria automotriz, con un 12,2 y la de insumos para la industria de la construcci\u00f3n, que baj\u00f3 un 11,6 por ciento.<\/p>\n<p>La producci\u00f3n de alimentos y bebidas y la refinaci\u00f3n de petr\u00f3leo bajaron su nivel de actividad en un 8 por ciento y la industria metalmec\u00e1nica un 7, caucho y pl\u00e1sticos 5,8 y la textil un 2,6, tambi\u00e9n en forma interanual.<\/p>\n<p>En el acumulado de los primeros siete meses del a\u00f1o \u00fanicamente crecen la producci\u00f3n textil un 8,1 por ciento la de art\u00edculos de caucho y pl\u00e1sticos un 2,3 y la de papel y cart\u00f3n un 0,2 en la comparaci\u00f3n con igual per\u00edodo del a\u00f1o pasado.<\/p>\n<p>Los que m\u00e1s bajan en la comparaci\u00f3n interanual entre enero y julio son la industria automotriz con un 13,4 por ciento y la producci\u00f3n de acero y aluminio, con 12,7.<\/p>\n<h6>Fuente: La Capital Rosario<\/h6>\n","protected":false},"excerpt":{"rendered":"<p>El \u00edndice es el m\u00e1s fuerte en los \u00faltimos 14 a\u00f1os. La principal baja se dio en las tabacaleras, seguida por la impresi\u00f3n, acero y aluminio<\/p>\n","protected":false},"author":2,"featured_media":52991,"comment_status":"closed","ping_status":"closed","sticky":false,"template":"","format":"standard","meta":{"footnotes":""},"categories":[8],"tags":[21],"class_list":["post-52990","post","type-post","status-publish","format-standard","has-post-thumbnail","hentry","category-informe-nacional","tag-argentina"],"_links":{"self":[{"href":"http:\/\/argentinamunicipal.com.ar\/argentina\/wp-json\/wp\/v2\/posts\/52990","targetHints":{"allow":["GET"]}}],"collection":[{"href":"http:\/\/argentinamunicipal.com.ar\/argentina\/wp-json\/wp\/v2\/posts"}],"about":[{"href":"http:\/\/argentinamunicipal.com.ar\/argentina\/wp-json\/wp\/v2\/types\/post"}],"author":[{"embeddable":true,"href":"http:\/\/argentinamunicipal.com.ar\/argentina\/wp-json\/wp\/v2\/users\/2"}],"replies":[{"embeddable":true,"href":"http:\/\/argentinamunicipal.com.ar\/argentina\/wp-json\/wp\/v2\/comments?post=52990"}],"version-history":[{"count":0,"href":"http:\/\/argentinamunicipal.com.ar\/argentina\/wp-json\/wp\/v2\/posts\/52990\/revisions"}],"wp:featuredmedia":[{"embeddable":true,"href":"http:\/\/argentinamunicipal.com.ar\/argentina\/wp-json\/wp\/v2\/media\/52991"}],"wp:attachment":[{"href":"http:\/\/argentinamunicipal.com.ar\/argentina\/wp-json\/wp\/v2\/media?parent=52990"}],"wp:term":[{"taxonomy":"category","embeddable":true,"href":"http:\/\/argentinamunicipal.com.ar\/argentina\/wp-json\/wp\/v2\/categories?post=52990"},{"taxonomy":"post_tag","embeddable":true,"href":"http:\/\/argentinamunicipal.com.ar\/argentina\/wp-json\/wp\/v2\/tags?post=52990"}],"curies":[{"name":"wp","href":"https:\/\/api.w.org\/{rel}","templated":true}]}}