{"id":53017,"date":"2016-09-02T07:13:30","date_gmt":"2016-09-02T10:13:30","guid":{"rendered":"http:\/\/argentinamunicipal.com.ar\/argentina\/?p=53017"},"modified":"2016-09-02T07:13:30","modified_gmt":"2016-09-02T10:13:30","slug":"santa-fe-ejemplo-produccion-mas-limpia","status":"publish","type":"post","link":"http:\/\/argentinamunicipal.com.ar\/argentina\/santa-fe-ejemplo-produccion-mas-limpia\/","title":{"rendered":"Santa Fe, ejemplo de \u00abproducci\u00f3n m\u00e1s limpia\u00bb"},"content":{"rendered":"<p>\u201cSanta fe es un ejemplo para el resto de las provincias de c\u00f3mo trabajar el programa de Producci\u00f3n M\u00e1s Limpia\u201d, afirm\u00f3 el subsecretario de Gesti\u00f3n Ambiental, Edgardo Seguro<\/p>\n<p>El subsecretario de Gesti\u00f3n Ambiental, Edgardo Seguro, encabez\u00f3 este jueves en San Luis la reuni\u00f3n de la Comisi\u00f3n de Producci\u00f3n M\u00e1s Limpia (PML) del Consejo Federal de Medio Ambiente (Cofema).<\/p>\n<p>Durante la apertura, Seguro expres\u00f3 que \u201cSanta fe es un ejemplo para el resto de las provincias de c\u00f3mo trabajar el programa de Producci\u00f3n m\u00e1s Limpia. El objetivo de esta reuni\u00f3n es que otras provincias se incorporen\u201d.<\/p>\n<p>En ese sentido afirm\u00f3 que \u201cpara la industria el ambiente parece ser algo antag\u00f3nico, queremos demostrar que con este programa y trabajando juntos en los problemas ambientales podemos solucionar problemas industriales\u201d.<\/p>\n<p>El encuentro forma parte de una serie de reuniones de trabajo en distintos puntos del pa\u00eds. La actividad, de la que participaron representantes del sector productivo p\u00fablico y privado, se desarroll\u00f3 en el Sal\u00f3n Blanco de Terrazas del Portezuelo y tambi\u00e9n estuvo encabezado por el ministro de Medio Ambiente, Campo y Producci\u00f3n de San Luis, Cristian Moleker.<\/p>\n<p>Durante la reuni\u00f3n, las provincias que participaron del programa PML BID I (l\u00edneas de financiamiento), junto con empresarios, llevaron adelante una presentaci\u00f3n de los resultados que obtuvieron como consecuencia de la aplicaci\u00f3n de las herramientas de Producci\u00f3n M\u00e1s Limpia. Al finalizar la jornada, la comisi\u00f3n elabor\u00f3 un documento para presentar ante Cofema. El mismo tiene como objetivo poner en marcha el programa PML BID II y considerar la necesidad de nuevas herramientas de financiamiento.<\/p>\n<p><strong>PROGRAMA PRODUCCI\u00d3N M\u00c1S LIMPIA<\/strong><\/p>\n<p>El programa provincial de Producci\u00f3n M\u00e1s Limpia apunta a mejorar el desempe\u00f1o ambiental de las industrias para contribuir a que cada industria regule su situaci\u00f3n a la normativa ambiental provincial. Adem\u00e1s, \u00a0a trav\u00e9s de la articulaci\u00f3n p\u00fablico-privada, busca a optimizar los patrones de eficiencia ambiental en la industria, promoviendo el cuidado del ambiente, el desarrollo sustentable y siendo una herramienta eficaz para mejorar la competitividad empresarial.<\/p>\n<p><strong>COFEMA<\/strong><\/p>\n<p>El Consejo Federal de Medio Ambiente fue creado en 1990 en la ciudad de La Rioja, y est\u00e1 representado por todas las provincias para abordar los problemas y soluciones del medio ambiente de la Rep\u00fablica Argentina.<\/p>\n<p>Entre sus objetivos est\u00e1n: formular una pol\u00edtica ambiental integral, tanto en lo preventivo como en lo correctivo; coordinar estrategias y programas de gestiones regionales y nacionales en el medio ambiente; formular pol\u00edticas de conservaci\u00f3n de los recursos del medio ambiente; promover la planificaci\u00f3n del crecimiento y desarrollo econ\u00f3mico con equidad social en armon\u00eda con el medio ambiente; difundir que la responsabilidad de preservar el ambiente debe ser compartida por comunidad y estado; y promover el ordenamiento administrativo para la estrategia y gesti\u00f3n ambiental en la naci\u00f3n, provincias y municipios.<\/p>\n<p>Tambi\u00e9n procura exigir y controlar la realizaci\u00f3n de estudios de impacto ambiental; propiciar programas y acciones de educaci\u00f3n ambiental en el sistema educativo; fijar y actualizar los niveles exigidos de calidad ambiental y realizar estudios comparativos, propiciando la unificaci\u00f3n de variables y metodolog\u00edas para el monitoreo de los recursos ambientales en todo el territorio nacional; constituir un banco de datos y proyectos ambientales y gestionar el financiamiento internacional de proyectos ambientales.<\/p>\n<h6>Fuente: Sin Mordaza<\/h6>\n","protected":false},"excerpt":{"rendered":"<p>\u201cSanta fe es un ejemplo para el resto de las provincias de c\u00f3mo trabajar el programa de Producci\u00f3n M\u00e1s Limpia\u201d, afirm\u00f3 el subsecretario de Gesti\u00f3n Ambiental, Edgardo Seguro<\/p>\n","protected":false},"author":2,"featured_media":53018,"comment_status":"closed","ping_status":"closed","sticky":false,"template":"","format":"standard","meta":{"footnotes":""},"categories":[65],"tags":[10],"class_list":["post-53017","post","type-post","status-publish","format-standard","has-post-thumbnail","hentry","category-provincias","tag-santa-fe"],"_links":{"self":[{"href":"http:\/\/argentinamunicipal.com.ar\/argentina\/wp-json\/wp\/v2\/posts\/53017","targetHints":{"allow":["GET"]}}],"collection":[{"href":"http:\/\/argentinamunicipal.com.ar\/argentina\/wp-json\/wp\/v2\/posts"}],"about":[{"href":"http:\/\/argentinamunicipal.com.ar\/argentina\/wp-json\/wp\/v2\/types\/post"}],"author":[{"embeddable":true,"href":"http:\/\/argentinamunicipal.com.ar\/argentina\/wp-json\/wp\/v2\/users\/2"}],"replies":[{"embeddable":true,"href":"http:\/\/argentinamunicipal.com.ar\/argentina\/wp-json\/wp\/v2\/comments?post=53017"}],"version-history":[{"count":0,"href":"http:\/\/argentinamunicipal.com.ar\/argentina\/wp-json\/wp\/v2\/posts\/53017\/revisions"}],"wp:featuredmedia":[{"embeddable":true,"href":"http:\/\/argentinamunicipal.com.ar\/argentina\/wp-json\/wp\/v2\/media\/53018"}],"wp:attachment":[{"href":"http:\/\/argentinamunicipal.com.ar\/argentina\/wp-json\/wp\/v2\/media?parent=53017"}],"wp:term":[{"taxonomy":"category","embeddable":true,"href":"http:\/\/argentinamunicipal.com.ar\/argentina\/wp-json\/wp\/v2\/categories?post=53017"},{"taxonomy":"post_tag","embeddable":true,"href":"http:\/\/argentinamunicipal.com.ar\/argentina\/wp-json\/wp\/v2\/tags?post=53017"}],"curies":[{"name":"wp","href":"https:\/\/api.w.org\/{rel}","templated":true}]}}