{"id":53032,"date":"2016-09-02T07:29:21","date_gmt":"2016-09-02T10:29:21","guid":{"rendered":"http:\/\/argentinamunicipal.com.ar\/argentina\/?p=53032"},"modified":"2016-09-02T07:29:53","modified_gmt":"2016-09-02T10:29:53","slug":"unidos-reclamo-norte-sur","status":"publish","type":"post","link":"http:\/\/argentinamunicipal.com.ar\/argentina\/unidos-reclamo-norte-sur\/","title":{"rendered":"Unidos por el mismo reclamo de norte a sur"},"content":{"rendered":"<p>Movimientos sociales, sindicales y pol\u00edticos, organismos de derechos humanos, organizaciones de pymes y cooperativas de trabajo confluir\u00e1n en el cierre de la movilizaci\u00f3n contra las pol\u00edticas econ\u00f3micas del Gobierno. Llegan cinco columnas de todo el pa\u00eds.<\/p>\n<p>Por Laura Vales @Despu\u00e9s de tres d\u00edas de actos y caravanas por las provincias, la Marcha Federal contra el tarifazo, los despidos y el ajuste llega esta tarde a la Plaza de Mayo. \u201cNing\u00fan gobierno gener\u00f3 en 8 meses m\u00e1s de 200.000 mil p\u00e9rdidas de puestos de trabajo\u201d, dijeron ayer el titular de la CTA de los Trabajadores, Hugo Yasky, y el de la CTA Aut\u00f3noma Pablo Micheli sobre el planteo con que esta protesta, que tuvo cinco brazos, recorri\u00f3 el pa\u00eds antes de confluir frente a la Casa Rosada. Agregaron que el objetivo es \u201cconstruir un paro nacional en la calle\u201d. La marcha tiene una pata cegetista \u2013la de la Corriente Federal que encabeza Sergio Palazzo\u2013, y ayer otros sindicatos de la central obrera, como el de Camioneros, ratificaron que se movilizar\u00e1n a la plaza. El titular del PJ nacional, Jos\u00e9 Luis Gioja, confirm\u00f3 la adhesi\u00f3n del partido a la convocatoria.<\/p>\n<p>La movida contra las pol\u00edticas del macrismo fue pensada a la manera de la marcha federal que en 1994 marc\u00f3 la resistencia al gobierno de Carlos Menem. Esta vez ha reunido a actores m\u00e1s diversos: con los sindicatos salieron movimientos sociales, PyMEs, cooperativas de trabajo, estudiantes, clubes de barrio, empresas recuperadas, es decir el arco de organizaciones del \u00e1mbito social que hoy est\u00e1n afectadas por el combo de inflaci\u00f3n, despidos, tarifazo y apertura de las importaciones que la llegada de Mauricio Macri al poder trajo bajo el brazo.<\/p>\n<p>Por esto, en la plaza habr\u00e1 tres escenarios, uno con capacidad para 160 personas y otros dos m\u00e1s, ya que la idea es que suban referentes sindicales y sociales, legisladores y dirigentes pol\u00edticos.<\/p>\n<p>Para abrir el acto, una orquesta de 40 chicos va a tocar el himno \u2013las orquestas juveniles son uno de los programas socioeducativos en jaque por el recorte educativo\u2013. Luego ser\u00e1 le\u00eddo un documento consensuado por 90 organizaciones. Al cierre van a hablar Micheli y Yasky, y tal vez un dirigente de la CGT.<\/p>\n<p>Si la marcha remite hist\u00f3ricamente a la del 94, tiene tambi\u00e9n un punto de nacimiento reciente, el del veto del presidente a la ley antidespidos, en el mes de mayo. Como se recordar\u00e1, el 29 de abril las (entonces) tres CGT y dos CTA lograron hacer un frente com\u00fan contra los despidos masivos y realizaron una masiva concentraci\u00f3n en defensa del trabajo. Con eso instalaron el debate en el Congreso sobre la necesidad de reactualizar la doble indemnizaci\u00f3n por despidos. La ley fue aprobada, y el Poder Ejecutivo la vet\u00f3. En las semanas que siguieron, el gobierno logr\u00f3 desarticular la unidad de las centrales obreras; la devoluci\u00f3n de una millonaria deuda con las obras sociales tuvo bastante que ver. A trazos muy gruesos, las dos CTA quedaron pataleando solas junto a un grupo de sindicatos combativos cegetistas, que hoy encabeza Palazzo. De esa dispersi\u00f3n, con la mira puesta en sumar nuevamente fuerzas, sali\u00f3 el llamado a esta Marcha Federal. La idea de conseguir nuevamente la \u201cunidad en la acci\u00f3n\u201d con la ahora reunificada CGT nunca fue descartada. \u201cNo hay paro nacional real posible sin la CGT\u201d, resumi\u00f3 ayer uno de los armadores de esta marcha.<\/p>\n<p>El titular de La Bancaria, Sergio Palazzo, fue uno de los oradores del acto de ayer en Rosario (ver aparte). Hugo Moyano va a ir a la marcha y est\u00e1 previsto que suba al palco principal. Tambi\u00e9n dieron su respaldo los canillitas, el gremio que conduce Omar Plaini, y los aeronavegantes. Pero anoche los cegetistas no hab\u00edan confirmado si van a sumar a un orador propio.<\/p>\n<p>&#8211; &#8211; &#8211;<\/p>\n<p>Un punteo que re\u00fane \u2013pero no agota\u2013 los reclamos:<\/p>\n<p>&#8211; Los gremios piden reapertura de las negociaciones paritarias. Movilizan tambi\u00e9n por la reincorporaci\u00f3n de los despedidos y contra la aplicaci\u00f3n a los sueldos del impuesto a las ganancias.<\/p>\n<p>&#8211; Las PyMES demandan medidas que las contemplen -por ejemplo, un r\u00e9gimen diferencial de tarifas- y les den protecci\u00f3n. La apertura indiscriminada de las importaciones las golpea muy fuerte. Las empresas recuperadas comparten estos problemas.<\/p>\n<p>&#8211; Las cooperativas de trabajo (ah\u00ed est\u00e1n por ejemplo las de construcci\u00f3n de viviendas, como las nucleadas por la CNCT) piden que el estado d\u00e9 continuidad a los empleos que se crearon en la d\u00e9cada pasada, que sacaron a miles de personas de la desocupaci\u00f3n.<\/p>\n<p>&#8211; Es un punto com\u00fan de los movimientos sociales, que impulsan la declaraci\u00f3n de la emergencia social.<\/p>\n<p>\u201cMarchamos tambi\u00e9n por cuestiones m\u00e1s estructurales como son el rechazo a la reforma laboral que intenta llevar adelante el gobierno, para impedir el vaciamiento del Anses y el remate del Fondo de Garant\u00eda de Sustentabilidad\u201d, agreg\u00f3 Pablo Micheli, secretario general de la CTA Aut\u00f3noma.<\/p>\n<p>&#8211; &#8211; &#8211;<\/p>\n<p>Un reclamo que los organizadores quieren remarcar es el de la libertad de Milagro Sala. Como un modo de hacerlo, en la plaza el documento consensuado sea le\u00eddo de tramos por cinco mujeres \u2013una por cada columna\u2013.<\/p>\n<p>La caravana que viene del NOA sali\u00f3 con un acto frente la c\u00e1rcel donde est\u00e1 detenida la dirigente de la Tupac Amaru, el penal de Alto Comedero, en Jujuy. \u201cMilagro con otras compa\u00f1eras lo presenciaron de lejos, armamos el sonido del acto como para que pudieran escucharlo. Despu\u00e9s entramos al penal, a almorzar con ellas\u201d, cont\u00f3 Carlos Girotti, secretario de Comunicaci\u00f3n de la CTA. Sala le dio a la delegaci\u00f3n una carta, que hoy ser\u00e1 le\u00edda en la plaza.<\/p>\n<p>&#8211; &#8211; &#8211;<\/p>\n<p>El \u00faltimo d\u00eda de la Marcha Federal coincide con un paro nacional de los docentes, el segundo en menos de un mes. Los maestros est\u00e1n reclamando as\u00ed un aumento salarial que compense la p\u00e9rdida del poder adquisitivo por la inflaci\u00f3n. En su \u00faltima reuni\u00f3n paritaria, el ministro de Educaci\u00f3n, Esteban Bullrich, les anticip\u00f3 que el gobierno no considera necesario reabrir la negociaci\u00f3n. \u201cEst\u00e1n incumpliendo el acuerdo que firmamos en febrero, que preve\u00eda que la paritaria siguiera abierta, y se niegan a discutir incluso cuestiones no salariales, como un convenio colectivo\u201d, denunci\u00f3 Mario Almir\u00f3n, titular de los docentes privados del Sadop.<\/p>\n<p>Su par del Suteba, Roberto Baradel, hizo el recorrido de la columna Sur de la marcha. \u201cLa protesta va a llegar con mucha gente organizada y miles que se van a sumar de manera espont\u00e1nea\u201d, asegur\u00f3.<\/p>\n<p>&#8211; &#8211; &#8211;<\/p>\n<p>La marcha tuvo cinco brazos que salieron el mi\u00e9rcoles desde Misiones (NEA), Mendoza (Cuyo), Jujuy (NOA), Comodoro Rivadavia y Esquel (Patagonia). Hoy por la ma\u00f1ana, antes de entrar a la ciudad de Buenos Aires, las cinco columnas van a confluir en dos para hacer paradas previas en La Matanza y Avellaneda.<\/p>\n<p>En La Matanza va haber un acto a las 9.00, en el cruce de la Ruta 3 con Cristian\u00eda, el mismo lugar donde en los \u201890 se hicieron los cortes piqueteros m\u00e1s masivos del conurbano. Desde ah\u00ed, la caravana va a pasar por la plaza Once y luego a la Plaza de Mayo.<\/p>\n<p>El brazo que sale del sur, en Avellaneda, tiene previsto tambi\u00e9n su acto, a las once de la ma\u00f1ana, en la plaza Alsina. De ah\u00ed van a cruzar a la Capital por el Puente Pueyrred\u00f3n.<\/p>\n<p>El comienzo del acto de cierre en la Plaza Mayo est\u00e1 previsto para las cinco de la tarde. Algunas organizaciones convocaron a concentrarse a partir de las dos de la tarde en el centro, ya que van a esperar en el Obelisco para recibir a los manifestantes.<\/p>\n<h6>Fuente: P\u00e1gina 12<\/h6>\n","protected":false},"excerpt":{"rendered":"<p>Movimientos sociales, sindicales y pol\u00edticos, organismos de derechos humanos, organizaciones de pymes y cooperativas de trabajo confluir\u00e1n en el cierre de la movilizaci\u00f3n contra las pol\u00edticas econ\u00f3micas del Gobierno. <\/p>\n","protected":false},"author":2,"featured_media":53033,"comment_status":"closed","ping_status":"closed","sticky":false,"template":"","format":"standard","meta":{"footnotes":""},"categories":[8],"tags":[21],"class_list":["post-53032","post","type-post","status-publish","format-standard","has-post-thumbnail","hentry","category-informe-nacional","tag-argentina"],"_links":{"self":[{"href":"http:\/\/argentinamunicipal.com.ar\/argentina\/wp-json\/wp\/v2\/posts\/53032","targetHints":{"allow":["GET"]}}],"collection":[{"href":"http:\/\/argentinamunicipal.com.ar\/argentina\/wp-json\/wp\/v2\/posts"}],"about":[{"href":"http:\/\/argentinamunicipal.com.ar\/argentina\/wp-json\/wp\/v2\/types\/post"}],"author":[{"embeddable":true,"href":"http:\/\/argentinamunicipal.com.ar\/argentina\/wp-json\/wp\/v2\/users\/2"}],"replies":[{"embeddable":true,"href":"http:\/\/argentinamunicipal.com.ar\/argentina\/wp-json\/wp\/v2\/comments?post=53032"}],"version-history":[{"count":0,"href":"http:\/\/argentinamunicipal.com.ar\/argentina\/wp-json\/wp\/v2\/posts\/53032\/revisions"}],"wp:featuredmedia":[{"embeddable":true,"href":"http:\/\/argentinamunicipal.com.ar\/argentina\/wp-json\/wp\/v2\/media\/53033"}],"wp:attachment":[{"href":"http:\/\/argentinamunicipal.com.ar\/argentina\/wp-json\/wp\/v2\/media?parent=53032"}],"wp:term":[{"taxonomy":"category","embeddable":true,"href":"http:\/\/argentinamunicipal.com.ar\/argentina\/wp-json\/wp\/v2\/categories?post=53032"},{"taxonomy":"post_tag","embeddable":true,"href":"http:\/\/argentinamunicipal.com.ar\/argentina\/wp-json\/wp\/v2\/tags?post=53032"}],"curies":[{"name":"wp","href":"https:\/\/api.w.org\/{rel}","templated":true}]}}