{"id":53035,"date":"2016-09-02T07:32:52","date_gmt":"2016-09-02T10:32:52","guid":{"rendered":"http:\/\/argentinamunicipal.com.ar\/argentina\/?p=53035"},"modified":"2016-09-02T07:32:52","modified_gmt":"2016-09-02T10:32:52","slug":"rosario-por-otro-modelo","status":"publish","type":"post","link":"http:\/\/argentinamunicipal.com.ar\/argentina\/rosario-por-otro-modelo\/","title":{"rendered":"Rosario: Por otro modelo \u00a0"},"content":{"rendered":"<p>Una decena de cuadras del centro rosarino fueron colmadas ayer por unos quince mil manifestantes de organizaciones gremiales de todo el pa\u00eds, como docentes y trabajadores estatales, estudiantiles y el Movimiento Sindical Rosarino. La concentraci\u00f3n tuvo lugar desde las 15 en la plaza San Mart\u00edn, donde llegaron los miembros de la columna NEA (Noreste Argentino) para participar de la Marcha Federal \u201ccontra el ajuste y los tarifazos\u201d del gobierno de Mauricio Macri. El objetivo de la movilizaci\u00f3n era un acto en la plaza Montenegro donde se exigi\u00f3 al gobierno central que \u201cmodifique el rumbo econ\u00f3mico\u201d, seg\u00fan lo explicit\u00f3 el l\u00edder bancario Sergio Palazzo y convoc\u00f3 a formar \u201cun espacio pol\u00edtico que dispute en las urnas durante el 2017 para terminar con este modelo econ\u00f3mico que asfixia al pueblo\u201d.<\/p>\n<p>A su turno Hugo Yasky, l\u00edder de la CTA, explic\u00f3 el motivo de la movida: \u201cMarchamos contra el tarifazo y los despidos, por los derechos laborales, contra la precarizaci\u00f3n, el hambre y la concentraci\u00f3n de riqueza que genera este gobierno, que tiene tanta semejanza con los 90, la \u00e9poca del menemismo\u201d.<\/p>\n<p>La marcha fue encabezada por Sonia Alesso, la l\u00edder de la principal organizaci\u00f3n convocante, Amsafe \u2013el gremio de los docentes p\u00fablicos\u2013 acompa\u00f1ada por el referente de la Asociaci\u00f3n de Trabajadores del Estado (ATE) Jorge Hoffman. El secretario del Sindicato de Prensa de Rosario (SPR), Edgardo Carmona, manifest\u00f3 su convencimiento de que \u201cla unidad del movimiento obrero, marchando en la calle y protestando, ser\u00e1 la que obligue a este gobierno a cambiar las directrices\u201d, argument\u00f3.<\/p>\n<p>Fue entonces que Jos\u00e9 Testoni, secretario general de la CTA Santa Fe, destac\u00f3 la variopinta cantidad de organizaciones que se sumaron a la convocatoria: \u201ces una amplia unidad de sectores que hace mucho tiempo no march\u00e1bamos juntos. Estamos pidiendo se modifiquen las pol\u00edticas macroecon\u00f3micas, que son las mismas que ha tomado (Domingo) Cavallo con (Fernando) De la R\u00faa y el menemismo, o (Jos\u00e9 Alfredo) Mart\u00ednez de Hoz durante la dictadura, conocemos el efecto y no podemos esperar\u201d, a\u00f1adi\u00f3 el dirigente. Frente al escenario estaban sentadas las Madres de Plaza 25 de Mayo, as\u00ed como la organizaci\u00f3n Hijos y otras organsimso de derechos humanos.<\/p>\n<p>Luego fue el turno de Mat\u00edas Lay\u00fas del gremio de Bancarios de Rosario, quien critic\u00f3 que \u201cla agenda al gobierno se la marcan los medios y los empresarios, cuando le plantean que no tiene que haber convenios colectivos y le plantean que hay que flexibilizar y precarizar\u201d. \u201cMacri es el verdadero desestabilizador, porque termin\u00f3 con la paz social en la Argentina\u201d, dispar\u00f3. El referente nacional del mismo sector Sergio Palazzo fue a\u00fan m\u00e1s contundente en dos definiciones: \u201cnunca vamos a renegar de la grieta con la que este gobierno dice que quiere terminar. La grieta siempre existi\u00f3 en la Argentina: de un lado estuvieron y est\u00e1n los opresores, y del otro los trabajadores\u201d sentenci\u00f3, despertando el aplauso de la multitud. Uno de los oradores m\u00e1s cr\u00edticos con las conducciones nacionales de las centrales obreras, fue Jes\u00fas Monz\u00f3n, secretario general de la combativa CGT San Lorenzo. \u201cSi los dirigentes nacionales no quieren un paro, demostr\u00e9mosles que las bases no tienen miedo de salir a la calle.\u201d<\/p>\n<h6>Fuente: P\u00e1gina 12<\/h6>\n","protected":false},"excerpt":{"rendered":"<p>Una decena de cuadras del centro rosarino fueron colmadas ayer por unos quince mil manifestantes de organizaciones gremiales de todo el pa\u00eds, como docentes y trabajadores estatales, estudiantiles y el Movimiento Sindical Rosarino. <\/p>\n","protected":false},"author":2,"featured_media":53036,"comment_status":"closed","ping_status":"closed","sticky":false,"template":"","format":"standard","meta":{"footnotes":""},"categories":[2],"tags":[10],"class_list":["post-53035","post","type-post","status-publish","format-standard","has-post-thumbnail","hentry","category-informe-municipal","tag-santa-fe"],"_links":{"self":[{"href":"http:\/\/argentinamunicipal.com.ar\/argentina\/wp-json\/wp\/v2\/posts\/53035","targetHints":{"allow":["GET"]}}],"collection":[{"href":"http:\/\/argentinamunicipal.com.ar\/argentina\/wp-json\/wp\/v2\/posts"}],"about":[{"href":"http:\/\/argentinamunicipal.com.ar\/argentina\/wp-json\/wp\/v2\/types\/post"}],"author":[{"embeddable":true,"href":"http:\/\/argentinamunicipal.com.ar\/argentina\/wp-json\/wp\/v2\/users\/2"}],"replies":[{"embeddable":true,"href":"http:\/\/argentinamunicipal.com.ar\/argentina\/wp-json\/wp\/v2\/comments?post=53035"}],"version-history":[{"count":0,"href":"http:\/\/argentinamunicipal.com.ar\/argentina\/wp-json\/wp\/v2\/posts\/53035\/revisions"}],"wp:featuredmedia":[{"embeddable":true,"href":"http:\/\/argentinamunicipal.com.ar\/argentina\/wp-json\/wp\/v2\/media\/53036"}],"wp:attachment":[{"href":"http:\/\/argentinamunicipal.com.ar\/argentina\/wp-json\/wp\/v2\/media?parent=53035"}],"wp:term":[{"taxonomy":"category","embeddable":true,"href":"http:\/\/argentinamunicipal.com.ar\/argentina\/wp-json\/wp\/v2\/categories?post=53035"},{"taxonomy":"post_tag","embeddable":true,"href":"http:\/\/argentinamunicipal.com.ar\/argentina\/wp-json\/wp\/v2\/tags?post=53035"}],"curies":[{"name":"wp","href":"https:\/\/api.w.org\/{rel}","templated":true}]}}