{"id":53071,"date":"2016-09-02T06:25:20","date_gmt":"2016-09-02T09:25:20","guid":{"rendered":"http:\/\/argentinamunicipal.com.ar\/argentina\/?p=53071"},"modified":"2016-09-02T08:27:51","modified_gmt":"2016-09-02T11:27:51","slug":"gobierno-impulsa-modelo-agroexportador-deja-lado-la-industria","status":"publish","type":"post","link":"http:\/\/argentinamunicipal.com.ar\/argentina\/gobierno-impulsa-modelo-agroexportador-deja-lado-la-industria\/","title":{"rendered":"El Gobierno impulsa un modelo \u00abagroexportador que deja de lado a la industria\u00bb"},"content":{"rendered":"<p>C\u00e1maras empresariales pymes reclamaron \u00abpol\u00edticas que desarrollen y fortalezcan\u00bb el sector fabril en la Argentina y advirtieron que el Gobierno impulsa un modelo \u00abagroexportador que deja de lado a la industria\u00bb.<\/p>\n<p>El presidente de la Central de Entidades Empresarias Nacionales (CEEN), Francisco Dos Reis, cuestion\u00f3 las pol\u00edticas oficiales.<\/p>\n<p>El referente pyme evalu\u00f3, as\u00ed, que \u00absin pol\u00edticas que desarrollen y fortalezcan a la industria no hay posibilidades de empleo en la Argentina\u00bb, mientras estim\u00f3: \u00abSobrar\u00edan 20 millones de personas porque la industria es la verdadera generadora de empleo\u00bb.<\/p>\n<p>Por su lado, la C\u00e1mara de la Peque\u00f1a y Mediana Industria Metal\u00fargica Argentina (CAMIMA), afirm\u00f3 que \u00abla industria en general, y la metal\u00fargica en particular, ocupan un papel fundamental para el crecimiento del pa\u00eds, por ello, es necesario que el Estado contin\u00fae apoyando al sector\u00bb.<\/p>\n<p>Jos\u00e9 Luis Ammaturo, titular de la entidad, asegur\u00f3 que \u00abes necesaria una reforma impositiva que permita alivianar la estructura de los costos de las pymes y volverlas competitivas\u00bb.<\/p>\n<p>\u00abEl crecimiento del sector permite generar m\u00e1s empleo y sostener los puestos de trabajo\u00bb, remarc\u00f3.<\/p>\n<p>Consider\u00f3 que \u00abel sector tiene expectativas de crecimiento en 2017\u00bb.<\/p>\n<p>Por su parte, la Confederaci\u00f3n General Econ\u00f3mica (CGE) ratific\u00f3 su expectativa de que habr\u00e1 una \u00abpronta recuperaci\u00f3n del sector\u00bb.<\/p>\n<p>El presidente de la entidad, Oscar Gentili, sostuvo: \u00abEs fundamental que se recupere el crecimiento de las econom\u00edas regionales\u00bb.<\/p>\n<p>\u00abLas peque\u00f1as y medianas empresas son el motor de la econom\u00eda y el sector que m\u00e1s trabajadores emplea en el pa\u00eds, por ello, es imprescindible seguir trabajando para garantizar su crecimiento, que confiamos en que retomar\u00e1 esa senda prontamente\u00bb, evalu\u00f3.<\/p>\n<h6>Fuente: El Once<\/h6>\n","protected":false},"excerpt":{"rendered":"<p>C\u00e1maras empresariales pymes reclamaron \u00abpol\u00edticas que desarrollen y fortalezcan\u00bb el sector fabril en la Argentina y advirtieron que el Gobierno impulsa un modelo \u00abagroexportador que deja de lado a la industria\u00bb.<\/p>\n","protected":false},"author":2,"featured_media":53072,"comment_status":"closed","ping_status":"closed","sticky":false,"template":"","format":"standard","meta":{"footnotes":""},"categories":[8],"tags":[21],"class_list":["post-53071","post","type-post","status-publish","format-standard","has-post-thumbnail","hentry","category-informe-nacional","tag-argentina"],"_links":{"self":[{"href":"http:\/\/argentinamunicipal.com.ar\/argentina\/wp-json\/wp\/v2\/posts\/53071","targetHints":{"allow":["GET"]}}],"collection":[{"href":"http:\/\/argentinamunicipal.com.ar\/argentina\/wp-json\/wp\/v2\/posts"}],"about":[{"href":"http:\/\/argentinamunicipal.com.ar\/argentina\/wp-json\/wp\/v2\/types\/post"}],"author":[{"embeddable":true,"href":"http:\/\/argentinamunicipal.com.ar\/argentina\/wp-json\/wp\/v2\/users\/2"}],"replies":[{"embeddable":true,"href":"http:\/\/argentinamunicipal.com.ar\/argentina\/wp-json\/wp\/v2\/comments?post=53071"}],"version-history":[{"count":0,"href":"http:\/\/argentinamunicipal.com.ar\/argentina\/wp-json\/wp\/v2\/posts\/53071\/revisions"}],"wp:featuredmedia":[{"embeddable":true,"href":"http:\/\/argentinamunicipal.com.ar\/argentina\/wp-json\/wp\/v2\/media\/53072"}],"wp:attachment":[{"href":"http:\/\/argentinamunicipal.com.ar\/argentina\/wp-json\/wp\/v2\/media?parent=53071"}],"wp:term":[{"taxonomy":"category","embeddable":true,"href":"http:\/\/argentinamunicipal.com.ar\/argentina\/wp-json\/wp\/v2\/categories?post=53071"},{"taxonomy":"post_tag","embeddable":true,"href":"http:\/\/argentinamunicipal.com.ar\/argentina\/wp-json\/wp\/v2\/tags?post=53071"}],"curies":[{"name":"wp","href":"https:\/\/api.w.org\/{rel}","templated":true}]}}