{"id":53086,"date":"2016-09-02T08:52:49","date_gmt":"2016-09-02T11:52:49","guid":{"rendered":"http:\/\/argentinamunicipal.com.ar\/argentina\/?p=53086"},"modified":"2016-09-02T08:52:49","modified_gmt":"2016-09-02T11:52:49","slug":"pueblo-la-calle","status":"publish","type":"post","link":"http:\/\/argentinamunicipal.com.ar\/argentina\/pueblo-la-calle\/","title":{"rendered":"El pueblo en la calle"},"content":{"rendered":"<p>Miles y miles de trabajadores, estudiantes, emprendedores, cooperativistas, jubilados, militantes llegan hoy a la Plaza de Mayo desde los rincones m\u00e1s rec\u00f3nditos del pa\u00eds. Es el pueblo argentino, decidido a rechazar el ajuste, los despidos, el tarifazo. A s\u00f3lo ocho meses de gobierno neoliberal, nos pusimos de pie para decirle basta a quienes buscan imponer ese modelo de pa\u00eds que nos arrebat\u00f3 la dignidad a los pueblos de Am\u00e9rica durante d\u00e9cadas. Cost\u00f3 muchos a\u00f1os de sufrimiento poder construir la Marcha Federal de 1994. Hoy tenemos un pueblo consciente de sus derechos, cuyos sectores se articularon espont\u00e1neamente para generar esta movilizaci\u00f3n que dejar\u00e1 su huella en la historia.<\/p>\n<p>En el contexto de una nueva ofensiva olig\u00e1rquica de saqueo y represi\u00f3n sobre toda la regi\u00f3n, en nuestro pa\u00eds y en los pa\u00edses hermanos venimos de la experiencia real, palpable y revolucionaria de que es posible vivir en una Patria m\u00e1s justa, libre y soberana. Por eso nos ponemos de pie. Nos vamos a quedarnos de brazos cruzados mientras militantes y dirigentes populares como Milagro Sala son perseguidos y encarcelados. No vamos a ser espectadores de una Argentina con presos pol\u00edticos, con niveles de hambre y pobreza que hac\u00eda una d\u00e9cada no ve\u00edamos.<\/p>\n<p>Desde el 2003 pudimos vivir una realidad distinta, en la que un Estado presente incluy\u00f3 a los m\u00e1s despose\u00eddos como no lo hac\u00eda desde los d\u00edas de Per\u00f3n y Evita. Vivimos una realidad en la que nuestros pibes pod\u00edan estudiar, en la que los trabajadores pod\u00edan consumir y so\u00f1ar con un futuro mejor. Marchamos para que no nos arrebaten esos sue\u00f1os. Marchamos porque queremos trabajar, queremos crecer y queremos una Argentina mejor. Marchamos porque en este modelo de pa\u00eds los trabajadores no tenemos lugar y la Argentina es un pa\u00eds de trabajadores.<\/p>\n<p>La Marcha Federal no es una movilizaci\u00f3n m\u00e1s. Es la oportunidad de articular a todos los sectores del campo popular: sindicatos, organizaciones pol\u00edticas y sociales de distinta orientaci\u00f3n, asociaciones de pymes, de consumidores, centros de estudiantes, f\u00e1bricas recuperadas, cooperativistas, organismos de derechos humanos, a los Curas en Opci\u00f3n por los Pobres. Todos estamos juntos en este momento hist\u00f3rico en el que le decimos basta al saqueo neoliberal, a la represi\u00f3n, a la persecuci\u00f3n pol\u00edtica, a los tarifazos, los despidos, los desalojos. No queremos volver a ver a nuestros pibes revolviendo la basura, no queremos volver a cruzarnos a los represores caminando por la calle.<\/p>\n<p>Por eso convocamos fraternalmente a todos a movilizarse esta tarde hacia la Plaza de Mayo, para abrazarnos y exigirle al Gobierno que no contin\u00fae con la pol\u00edtica econ\u00f3mica de la exclusi\u00f3n. Queremos una Argentina digna y soberana, y esta es nuestra forma de decirle al mundo que no vamos a dar un paso atr\u00e1s en esta larga marcha por la justicia social.<\/p>\n<p>Por\u00a0Daniel Catalano *<\/p>\n<p>* Secretario general de ATE Capital.<\/p>\n<h6>Fuente: P\u00e1gina 12<\/h6>\n","protected":false},"excerpt":{"rendered":"<p>Miles y miles de trabajadores, estudiantes, emprendedores, cooperativistas, jubilados, militantes llegan hoy a la Plaza de Mayo desde los rincones m\u00e1s rec\u00f3nditos del pa\u00eds. <\/p>\n","protected":false},"author":2,"featured_media":53087,"comment_status":"closed","ping_status":"closed","sticky":false,"template":"","format":"standard","meta":{"footnotes":""},"categories":[6],"tags":[21],"class_list":["post-53086","post","type-post","status-publish","format-standard","has-post-thumbnail","hentry","category-opiniones","tag-argentina"],"_links":{"self":[{"href":"http:\/\/argentinamunicipal.com.ar\/argentina\/wp-json\/wp\/v2\/posts\/53086","targetHints":{"allow":["GET"]}}],"collection":[{"href":"http:\/\/argentinamunicipal.com.ar\/argentina\/wp-json\/wp\/v2\/posts"}],"about":[{"href":"http:\/\/argentinamunicipal.com.ar\/argentina\/wp-json\/wp\/v2\/types\/post"}],"author":[{"embeddable":true,"href":"http:\/\/argentinamunicipal.com.ar\/argentina\/wp-json\/wp\/v2\/users\/2"}],"replies":[{"embeddable":true,"href":"http:\/\/argentinamunicipal.com.ar\/argentina\/wp-json\/wp\/v2\/comments?post=53086"}],"version-history":[{"count":0,"href":"http:\/\/argentinamunicipal.com.ar\/argentina\/wp-json\/wp\/v2\/posts\/53086\/revisions"}],"wp:featuredmedia":[{"embeddable":true,"href":"http:\/\/argentinamunicipal.com.ar\/argentina\/wp-json\/wp\/v2\/media\/53087"}],"wp:attachment":[{"href":"http:\/\/argentinamunicipal.com.ar\/argentina\/wp-json\/wp\/v2\/media?parent=53086"}],"wp:term":[{"taxonomy":"category","embeddable":true,"href":"http:\/\/argentinamunicipal.com.ar\/argentina\/wp-json\/wp\/v2\/categories?post=53086"},{"taxonomy":"post_tag","embeddable":true,"href":"http:\/\/argentinamunicipal.com.ar\/argentina\/wp-json\/wp\/v2\/tags?post=53086"}],"curies":[{"name":"wp","href":"https:\/\/api.w.org\/{rel}","templated":true}]}}