{"id":531,"date":"2014-02-10T21:32:20","date_gmt":"2014-02-11T00:32:20","guid":{"rendered":"http:\/\/argentinamunicipal.com.ar\/argentina\/?p=531"},"modified":"2014-02-10T21:32:36","modified_gmt":"2014-02-11T00:32:36","slug":"el-intendente-se-sumara-controles-municipales-por-el-alza-de-precios-en-rio-grande","status":"publish","type":"post","link":"http:\/\/argentinamunicipal.com.ar\/argentina\/el-intendente-se-sumara-controles-municipales-por-el-alza-de-precios-en-rio-grande\/","title":{"rendered":"El intendente se sumar\u00e1 controles municipales por el alza de precios en R\u00edo Grande"},"content":{"rendered":"<div id=\"attachment_532\" style=\"width: 395px\" class=\"wp-caption alignleft\"><a href=\"http:\/\/argentinamunicipal.com.ar\/argentina\/wp-content\/uploads\/2014\/02\/1345732769-600melella_entrevista_nueva_thumb_550.jpg\"><img loading=\"lazy\" decoding=\"async\" aria-describedby=\"caption-attachment-532\" class=\" wp-image-532 \" alt=\"Gustavo Melella, Intendente de la Ciudad de R\u00edo Grande\" src=\"http:\/\/argentinamunicipal.com.ar\/argentina\/wp-content\/uploads\/2014\/02\/1345732769-600melella_entrevista_nueva_thumb_550.jpg\" width=\"385\" height=\"288\" srcset=\"http:\/\/argentinamunicipal.com.ar\/argentina\/wp-content\/uploads\/2014\/02\/1345732769-600melella_entrevista_nueva_thumb_550.jpg 550w, http:\/\/argentinamunicipal.com.ar\/argentina\/wp-content\/uploads\/2014\/02\/1345732769-600melella_entrevista_nueva_thumb_550-300x224.jpg 300w\" sizes=\"auto, (max-width: 385px) 100vw, 385px\" \/><\/a><p id=\"caption-attachment-532\" class=\"wp-caption-text\">Gustavo Melella, Intendente de la Ciudad de R\u00edo Grande<\/p><\/div>\n<p>El intendente de R\u00edo Grande instruy\u00f3 al \u00e1rea jur\u00eddica del municipio para que analice los pasos a seguir para crear un sector dedicado al control de precios. Consider\u00f3 que los municipios \u201cdeben involucrarse\u201d en este tema, al margen de la facultad del gobierno para llevar adelante el monitoreo.<\/p>\n<p>En di\u00e1logo con FM Aire Libre, y desde la ciudad de Buenos Aires, dijo que antes de partir dej\u00f3 instrucciones para que se \u201cestudie un decreto para crear dentro de la Secretar\u00eda de la Producci\u00f3n un \u00e1rea espec\u00edfica\u201d.<\/p>\n<p>\u201cNosotros no estamos acostumbrados a defender nuestro bolsillo, que es un problema, por eso vamos y compramos. Pero hay que empezar a defenderlo\u201d, subray\u00f3, dispuesto a sumarse al monitoreo.<\/p>\n<p>Reconoci\u00f3 que hay un \u00e1rea del gobierno provincial que tiene que controlar esto, por lo que coordinar\u00edan acciones. \u201cHay gente de defensa del consumidor del gobierno provincial que en alg\u00fan momento se acerc\u00f3 a trabajar con nosotros, y estos d\u00edas le voy a ofrecer a la gobernadora hacer un convenio. Creo que el Municipio tiene que involucrarse en estas cosas y exponer p\u00fablicamente cuando hay un sobreprecio o un abuso. Por eso estamos viendo si se puede crear esta \u00e1rea a trav\u00e9s de una reglamentaci\u00f3n interna\u201d, expres\u00f3.<\/p>\n<p>Con respecto a los inspectores, agreg\u00f3 que a partir de un ofrecimiento del diputado kirchnerista Mart\u00edn P\u00e9rez, avanzar\u00eda en otro convenio con la Secretar\u00eda de Industria y Comercio de Naci\u00f3n, que brindar\u00e1 \u201cuna capacitaci\u00f3n para el personal municipal en esta materia\u201d.<\/p>\n<pre>Fuente: Sur54<\/pre>\n","protected":false},"excerpt":{"rendered":"<p>El intendente de R\u00edo Grande instruy\u00f3 al \u00e1rea jur\u00eddica del municipio para que analice los pasos a seguir para crear un sector dedicado al control de precios. Consider\u00f3 que los municipios \u201cdeben involucrarse\u201d en este tema, al margen de la facultad del gobierno para llevar adelante el monitoreo. En di\u00e1logo con FM Aire Libre, y<\/p>\n","protected":false},"author":1,"featured_media":532,"comment_status":"closed","ping_status":"closed","sticky":false,"template":"","format":"standard","meta":{"footnotes":""},"categories":[2],"tags":[34],"class_list":["post-531","post","type-post","status-publish","format-standard","has-post-thumbnail","hentry","category-informe-municipal","tag-tierra-del-fuego"],"_links":{"self":[{"href":"http:\/\/argentinamunicipal.com.ar\/argentina\/wp-json\/wp\/v2\/posts\/531","targetHints":{"allow":["GET"]}}],"collection":[{"href":"http:\/\/argentinamunicipal.com.ar\/argentina\/wp-json\/wp\/v2\/posts"}],"about":[{"href":"http:\/\/argentinamunicipal.com.ar\/argentina\/wp-json\/wp\/v2\/types\/post"}],"author":[{"embeddable":true,"href":"http:\/\/argentinamunicipal.com.ar\/argentina\/wp-json\/wp\/v2\/users\/1"}],"replies":[{"embeddable":true,"href":"http:\/\/argentinamunicipal.com.ar\/argentina\/wp-json\/wp\/v2\/comments?post=531"}],"version-history":[{"count":0,"href":"http:\/\/argentinamunicipal.com.ar\/argentina\/wp-json\/wp\/v2\/posts\/531\/revisions"}],"wp:featuredmedia":[{"embeddable":true,"href":"http:\/\/argentinamunicipal.com.ar\/argentina\/wp-json\/wp\/v2\/media\/532"}],"wp:attachment":[{"href":"http:\/\/argentinamunicipal.com.ar\/argentina\/wp-json\/wp\/v2\/media?parent=531"}],"wp:term":[{"taxonomy":"category","embeddable":true,"href":"http:\/\/argentinamunicipal.com.ar\/argentina\/wp-json\/wp\/v2\/categories?post=531"},{"taxonomy":"post_tag","embeddable":true,"href":"http:\/\/argentinamunicipal.com.ar\/argentina\/wp-json\/wp\/v2\/tags?post=531"}],"curies":[{"name":"wp","href":"https:\/\/api.w.org\/{rel}","templated":true}]}}