{"id":53114,"date":"2016-09-05T06:00:41","date_gmt":"2016-09-05T09:00:41","guid":{"rendered":"http:\/\/argentinamunicipal.com.ar\/argentina\/?p=53114"},"modified":"2016-09-05T08:03:17","modified_gmt":"2016-09-05T11:03:17","slug":"esquivar-las-pistolas-taser","status":"publish","type":"post","link":"http:\/\/argentinamunicipal.com.ar\/argentina\/esquivar-las-pistolas-taser\/","title":{"rendered":"Para esquivar las pistolas Taser"},"content":{"rendered":"<p>El Observatorio de Derechos Humanos reclam\u00f3 ante la Comisi\u00f3n Interamericana que se proh\u00edba el uso de las armas el\u00e9ctricas que promueve el gobierno porte\u00f1o. Sindicatos y organismos de derechos humanos apoyaron el pedido.<\/p>\n<p>Con el apoyo de sindicatos, organismos de derechos humanos y un premio N\u00f3bel de la Paz, el Observatorio de Derechos Humanos se present\u00f3 ante la Comisi\u00f3n Interamericana de Derechos Humanos para reclamar que el Estado argentino proh\u00edba el uso de las pistolas el\u00e9ctricas Taser X26, luego de que el Poder Judicial le diera la raz\u00f3n al Gobierno de la Ciudad y permitiera el uso de esas armas. Las entidades que firmaron la petici\u00f3n indicaron que se viola el deber del Estado a prevenir la tortura.<\/p>\n<p>La petici\u00f3n ante la CIDH fue impulsada por el Observatorio de Derechos Humanos (ODH), que hab\u00eda presentado la causa original en la Argentina. La acompa\u00f1aron con sus firmas las Madres de Plaza de Mayo-L\u00ednea Fundadora Vera Jarach, Hayde\u00e9 Gastel\u00fa, Enriqueta Maroni, Nora Corti\u00f1as, Rosa Nair Amuedo, adem\u00e1s de Lita Boitano e Irma Scrino de Morresi, de Familiares de Desaparecidos y Detenidos por Razones Pol\u00edticas. Tambi\u00e9n la subscribieron el premio N\u00f3bel de la Paz Adolfo P\u00e9rez Esquivel, el pianista Miguel Angel Estrella, embajador de Buena Voluntad de la ONU y Violeta Burkart Noe y Carlos Pisoni, del Observatorio de Derechos Humanos.<\/p>\n<p>Al pedido se sumaron el secretario general de UTE-Ctera, Eduardo L\u00f3pez; el titular de ATE Capital, Daniel Catalano; la secretaria general de Sitraju, Vanesa Siley; la presidenta de la APDH, Gisela Cardozo; el titular de la Asociaci\u00f3n de Pensamiento Penal, Mario Alberto Juliano; Norberto Liwski, del Comit\u00e9 para la Defensa de la Salud, la \u00c9tica Profesional y los Derechos Humanos; el presidente de la Comunidad Homosexual Argentina, Pedro Paradiso; Marina Leyes, de Hijos Capital, y Myriam Bregman, del Ceprodh.<\/p>\n<p>El ODH hab\u00eda iniciado un amparo en 2010 por la compra y posible utilizaci\u00f3n de las armas Taser por parte de la Polic\u00eda Metropolitana, que tuvo un primer fallo a favor, por parte de la jueza Andrea Danas. Pero el gobierno porte\u00f1o apel\u00f3 y la C\u00e1mara II en lo contencioso administrativo confirm\u00f3 en 2013 la orden de no utilizar esas armas. En los fallos se destac\u00f3 la historia reciente en la Argentina y el uso de las picanas el\u00e9ctricas como elementos de tortura en los centros clandestinos de detenci\u00f3n.<\/p>\n<p>Persistente, el gobierno porte\u00f1o apel\u00f3 hasta que lleg\u00f3 al Tribunal Superior de Justicia de la ciudad, que el a\u00f1o pasado convalid\u00f3 el uso de ese tipo de pistolas el\u00e9ctricas a partir de cuestiones procesales. El ODH intent\u00f3 revertir esa decisi\u00f3n con un recurso de queja ante la Corte Suprema de la Naci\u00f3n, que rechaz\u00f3 analizar la presentaci\u00f3n en marzo de este a\u00f1o.<\/p>\n<p>Desde el Ministerio de Seguridad porte\u00f1o aseguraron que no ten\u00edan previsto por el momento equipar a la Polic\u00eda Metropolitana con esas armas, lo que no explica por qu\u00e9 continuaron apelando hasta conseguir una sentencia favorable.<\/p>\n<p>En la presentaci\u00f3n ante la CIDH, el ODH insisti\u00f3 en que las armas pueden tener consecuencias letales y citaron casos de otros pa\u00edses donde se les provoc\u00f3 la muerte a personas que ten\u00edan afecciones card\u00edacas o trastornos psiqui\u00e1tricos. Incluso sumaron casos de ni\u00f1os o mujeres embarazadas. Tambi\u00e9n destacaron que organizaciones como Amnist\u00eda Internacional se oponen al uso de las Taser y recomiendan a los Estados discontinuar el equipamiento con armas que constituyen \u201celementos de tortura\u201d. E indicaron que el Comit\u00e9 contra la Tortura de la ONU tambi\u00e9n las clasifica as\u00ed: \u201cProvocan un dolor intenso, constituye una forma de tortura y en algunos casos puede causar la muerte\u201d.<\/p>\n<p>En el escrito indicaron que \u201cse intenta prevenir situaciones de posible encubrimiento o impunidad policial que favorezcan un uso abusivo de las armas tipo Taser X26, por las propias caracter\u00edsticas de funcionamiento, en tanto que no dejan marcas sobre el cuerpo\u201d.<\/p>\n<p>\u201cEl uso de las armas Taser, en tanto viola disposiciones internacionales, debe impedirse urgentemente\u201d, indicaron. Remarcaron que el Comit\u00e9 contra la Tortura de la ONU se\u00f1al\u00f3 a los Estados parte que deb\u00edan evitar el uso de esas armas y que \u201cla Rep\u00fablica Argentina no ha cumplido con el compromiso internacionalmente asumido, en la medida en que no ha tomado ninguna actividad tendiente a evitar la utilizaci\u00f3n de este tipo de armamento\u201d.<\/p>\n<p>En un comunicado, el ODH indic\u00f3 que \u201cresulta reprochable que una jurisdicci\u00f3n de nuestro pa\u00eds como la Ciudad de Buenos Aires adopte la decisi\u00f3n de equipar a la polic\u00eda local con elementos de esta \u00edndole. Adem\u00e1s, la Rep\u00fablica Argentina, al rechazar la Corte Suprema de Justicia el amparo, incurre nuevamente en una transgresi\u00f3n a normas internacionales en materia de prevenci\u00f3n de violaciones a los derechos humanos\u201d. \u201cJustamente aquello que se pone en conocimiento de la Comisi\u00f3n es que la Rep\u00fablica Argentina debe tomar medidas efectivas para evitar todo tipo de trato, pena inhumana o cruel por parte de las fuerzas de seguridad, que en este caso debieron consistir en medidas ejecutivas pero tambi\u00e9n judiciales\u201d, advirtieron.<\/p>\n<p>Los dirigentes de la ODH sostuvieron que esperan que \u201cla Comisi\u00f3n Interamericana adopte la resoluci\u00f3n adecuada del caso y obligue a nuestro pa\u00eds a prohibir la utilizaci\u00f3n de las neopicanas Taser por parte de las fuerzas de seguridad locales\u201d.<\/p>\n<h6>Fuente: P\u00e1gina 12<\/h6>\n","protected":false},"excerpt":{"rendered":"<p>El Observatorio de Derechos Humanos reclam\u00f3 ante la Comisi\u00f3n Interamericana que se proh\u00edba el uso de las armas el\u00e9ctricas que promueve el gobierno porte\u00f1o. Sindicatos y organismos de derechos humanos apoyaron el pedido.<\/p>\n","protected":false},"author":2,"featured_media":53115,"comment_status":"closed","ping_status":"closed","sticky":false,"template":"","format":"standard","meta":{"footnotes":""},"categories":[8],"tags":[21],"class_list":["post-53114","post","type-post","status-publish","format-standard","has-post-thumbnail","hentry","category-informe-nacional","tag-argentina"],"_links":{"self":[{"href":"http:\/\/argentinamunicipal.com.ar\/argentina\/wp-json\/wp\/v2\/posts\/53114","targetHints":{"allow":["GET"]}}],"collection":[{"href":"http:\/\/argentinamunicipal.com.ar\/argentina\/wp-json\/wp\/v2\/posts"}],"about":[{"href":"http:\/\/argentinamunicipal.com.ar\/argentina\/wp-json\/wp\/v2\/types\/post"}],"author":[{"embeddable":true,"href":"http:\/\/argentinamunicipal.com.ar\/argentina\/wp-json\/wp\/v2\/users\/2"}],"replies":[{"embeddable":true,"href":"http:\/\/argentinamunicipal.com.ar\/argentina\/wp-json\/wp\/v2\/comments?post=53114"}],"version-history":[{"count":0,"href":"http:\/\/argentinamunicipal.com.ar\/argentina\/wp-json\/wp\/v2\/posts\/53114\/revisions"}],"wp:featuredmedia":[{"embeddable":true,"href":"http:\/\/argentinamunicipal.com.ar\/argentina\/wp-json\/wp\/v2\/media\/53115"}],"wp:attachment":[{"href":"http:\/\/argentinamunicipal.com.ar\/argentina\/wp-json\/wp\/v2\/media?parent=53114"}],"wp:term":[{"taxonomy":"category","embeddable":true,"href":"http:\/\/argentinamunicipal.com.ar\/argentina\/wp-json\/wp\/v2\/categories?post=53114"},{"taxonomy":"post_tag","embeddable":true,"href":"http:\/\/argentinamunicipal.com.ar\/argentina\/wp-json\/wp\/v2\/tags?post=53114"}],"curies":[{"name":"wp","href":"https:\/\/api.w.org\/{rel}","templated":true}]}}