{"id":53123,"date":"2016-09-05T08:16:25","date_gmt":"2016-09-05T11:16:25","guid":{"rendered":"http:\/\/argentinamunicipal.com.ar\/argentina\/?p=53123"},"modified":"2016-09-05T08:16:25","modified_gmt":"2016-09-05T11:16:25","slug":"las-ventas-minoristas-cayeron-74-agosto","status":"publish","type":"post","link":"http:\/\/argentinamunicipal.com.ar\/argentina\/las-ventas-minoristas-cayeron-74-agosto\/","title":{"rendered":"Las ventas minoristas cayeron 7,4% en agosto"},"content":{"rendered":"<p>El consumo continu\u00f3 debilitado en agosto, cuando las cantidades vendidas por los negocios minoristas cayeron 7,4% frente al mismo mes del a\u00f1o pasado. Es el octavo mes consecutivo que las ventas se retraen, acentuando la crisis que atraviesa la actividad comercial desde principio de a\u00f1o.<\/p>\n<p>En agosto se sinti\u00f3 fuerte la p\u00e9rdida de poder adquisitivo de las familias, y los altos niveles de endeudamiento que limitaron las posibilidades de consumo con tarjeta en cuotas sin inter\u00e9s. Si bien el mercado continu\u00f3 ofreciendo esa modalidad de pago, hubo m\u00e1s rechazos de operaciones que otros meses, o divisiones de compras entre m\u00e1s de un pl\u00e1stico. Pero aun as\u00ed los niveles de transacciones fueron bajos.<\/p>\n<p>En general el p\u00fablico aprovech\u00f3 las ofertas y eso fue lo que por momentos movi\u00f3 m\u00e1s el mercado. Frente a las necesidades de liquidez hubo comercios que hicieron descuentos muy agresivos por compras en efectivo, donde se pod\u00edan llevar productos a mitad de precio. Pero si bien fue una estrategia de emergencia que ayud\u00f3, no alcanz\u00f3 para contener la ca\u00edda.<\/p>\n<p>Las ca\u00eddas anuales m\u00e1s pronunciadas en el mes ocurrieron en:\u00a0\u2018Electrodom\u00e9sticos y art\u00edculos electr\u00f3nicos\u2019 (-17,3%), \u2018Neum\u00e1ticos\u2019 (-15,7%), \u2018Ferreter\u00edas\u2019 (-11,8%), \u2018Materiales para la construcci\u00f3n\u2019 (-10,8%), y \u2018Bazares y regaler\u00edas\u2019 (-9,6%). Con tendencia opuesta, crecieron las ventas en \u2018Perfumer\u00edas\u2019 (+1,4%) y \u2018Jugueter\u00edas, rodados y librer\u00edas\u2019 (+1,9%)<\/p>\n<p>Pero a pesar de la mala performance, agosto tuvo dos puntos movilizadores. Uno fue el D\u00eda del\u00a0 Ni\u00f1o, que si bien fue menos din\u00e1mico que el a\u00f1o pasado, ayud\u00f3 a sostener la venta durante una semana en algunos sectores. Y el segundo se sinti\u00f3 sobre fin de mes, cuando en algunos rubros se notaron m\u00e1s consultas y demanda. Eso dej\u00f3 abierta ciertas expectativas positivas sobre lo que pueda suceder en septiembre, aunque los comercios por ahora son muy cautos en ilusiones.<\/p>\n<p>Con el resultado de agosto, las ventas minoristas medidas en cantidades registraron una tasa de ca\u00edda promedio anual de 6,7% en los primeros ocho meses del a\u00f1o.<\/p>\n<p>Las cantidades vendidas por los comercios minoristas cayeron por octavo mes consecutivo, al registrar un retroceso anual de 7,4% en agosto. Con la excepci\u00f3n de los rubros \u2018jugueter\u00edas, rodados, y librer\u00eda\u2019 y \u2018perfumer\u00eda\u2019, el resto de los sectores relevados bajaron en la comparaci\u00f3n anual, con descensos generales muy pronunciados.<\/p>\n<p>El rubro m\u00e1s resentido en el actual ciclo recesivo fue \u2018Electrodom\u00e9sticos y art\u00edculos electr\u00f3nicos\u2019, donde las ventas bajaron 17,3% anual en agosto (siempre medidas en cantidades) y acumulan una tasa de ca\u00edda promedio de 15,7% en los ocho meses del a\u00f1o. Por momentos del mes se reactivaron las consultas, especialmente en la semana previa al D\u00eda del Ni\u00f1o, pero con compras muy medidas y bastante por debajo del a\u00f1o pasado. Muchas familias ten\u00edan l\u00edmites con tarjetas desbordadas o con muchas deudas en cuotas acumuladas, y eso fue un obst\u00e1culo a la hora de concretar operaciones de esos productos. A su vez, el regreso del \u2018puerta a puerta\u2019 puso en stand by el consumo de electr\u00f3nicos m\u00e1s peque\u00f1os, aunque por ahora no fue un factor causal del declive.<\/p>\n<p>En \u2018Indumentaria\u2019, las cantidades vendidas tuvieron una baja anual de 8,1% y acumulan una tasa de ca\u00edda promedio 7,9% en el a\u00f1o. Hubo ofertas muy agresivas en el mes por compras en efectivo, que por momentos poblaron de gente algunos comercios. Para los empresarios sin embargo, si bien eso ayud\u00f3, no se lo toma como un factor de recuperaci\u00f3n del consumo, ya que buena parte de esas operaciones se hicieron con baj\u00edsimos m\u00e1rgenes de ganancias, s\u00f3lo para obtener liquidez.<\/p>\n<p>Un rubro que escap\u00f3 a la tendencia general fue \u2018Perfumer\u00eda\u2019, con una suba anual de 1,4% medidas en cantidades, aunque acumulando un retroceso de 5,4% en lo que va del a\u00f1o. Sin embargo el incremento ocurri\u00f3 m\u00e1s por efecto estad\u00edstico que por mejora del consumo en s\u00ed. B\u00e1sicamente el rubro perfumer\u00eda viene mostrando tasas de ca\u00eddas muy acentuadas desde enero de 2014. Por ejemplo, en agosto de 2014 ese ramo descendi\u00f3 5,9% anual y en agosto de 2015, cay\u00f3 otro 4,4% anual. Por eso la comparaci\u00f3n contra el a\u00f1o pasado, da un leve aumento. De todos modos, para los comercios de ese sector es una buena noticia que las ventas al menos dejen de desplomarse.<\/p>\n<p>En \u2018Alimentos y Bebidas\u2019, las cantidades cayeron 2,1% anual y acumulan una baja de 2,4% en los ocho primeros meses del a\u00f1o. Agosto se destac\u00f3 por la mayor frecuencia de compras, pero en montos m\u00e1s peque\u00f1os, un comportamiento t\u00edpico de \u00e9pocas de control de consumo. Igual, la gente busc\u00f3 productos con descuentos, en oferta, o segundas y terceras marcas. Seg\u00fan informan los empresarios del sector, donde m\u00e1s se est\u00e1 sintiendo el declive este mes fue en la demanda de bebidas, incluyendo las marcas alternativas.<\/p>\n<p>En \u2018Jugueter\u00edas, rodados y art\u00edculos de librer\u00edas\u00b4, las cantidades vendidas subieron 1,9% anual en agosto, aunque acumulan una baja de 6,9% en lo que va del a\u00f1o. Estos productos se movieron bastante mejor de lo esperado en el D\u00eda del Ni\u00f1o, en parte porque la posibilidad de acceder a un abanico de precios m\u00e1s variado, posicion\u00f3 a muchos de esos art\u00edculos como opci\u00f3n de compra para esa fecha. En rodados la venta fue m\u00e1s d\u00e9bil, en parte porque los precios son m\u00e1s altos, pero en jugueter\u00eda y librer\u00edas hubo mayor inter\u00e9s.<\/p>\n<h6>Fuente: Tucum\u00e1n Hoy<\/h6>\n","protected":false},"excerpt":{"rendered":"<p>El consumo continu\u00f3 debilitado en agosto, cuando las cantidades vendidas por los negocios minoristas cayeron 7,4% frente al mismo mes del a\u00f1o pasado.<\/p>\n","protected":false},"author":2,"featured_media":53124,"comment_status":"closed","ping_status":"closed","sticky":false,"template":"","format":"standard","meta":{"footnotes":""},"categories":[8],"tags":[21],"class_list":["post-53123","post","type-post","status-publish","format-standard","has-post-thumbnail","hentry","category-informe-nacional","tag-argentina"],"_links":{"self":[{"href":"http:\/\/argentinamunicipal.com.ar\/argentina\/wp-json\/wp\/v2\/posts\/53123","targetHints":{"allow":["GET"]}}],"collection":[{"href":"http:\/\/argentinamunicipal.com.ar\/argentina\/wp-json\/wp\/v2\/posts"}],"about":[{"href":"http:\/\/argentinamunicipal.com.ar\/argentina\/wp-json\/wp\/v2\/types\/post"}],"author":[{"embeddable":true,"href":"http:\/\/argentinamunicipal.com.ar\/argentina\/wp-json\/wp\/v2\/users\/2"}],"replies":[{"embeddable":true,"href":"http:\/\/argentinamunicipal.com.ar\/argentina\/wp-json\/wp\/v2\/comments?post=53123"}],"version-history":[{"count":0,"href":"http:\/\/argentinamunicipal.com.ar\/argentina\/wp-json\/wp\/v2\/posts\/53123\/revisions"}],"wp:featuredmedia":[{"embeddable":true,"href":"http:\/\/argentinamunicipal.com.ar\/argentina\/wp-json\/wp\/v2\/media\/53124"}],"wp:attachment":[{"href":"http:\/\/argentinamunicipal.com.ar\/argentina\/wp-json\/wp\/v2\/media?parent=53123"}],"wp:term":[{"taxonomy":"category","embeddable":true,"href":"http:\/\/argentinamunicipal.com.ar\/argentina\/wp-json\/wp\/v2\/categories?post=53123"},{"taxonomy":"post_tag","embeddable":true,"href":"http:\/\/argentinamunicipal.com.ar\/argentina\/wp-json\/wp\/v2\/tags?post=53123"}],"curies":[{"name":"wp","href":"https:\/\/api.w.org\/{rel}","templated":true}]}}