{"id":53126,"date":"2016-09-05T05:00:19","date_gmt":"2016-09-05T08:00:19","guid":{"rendered":"http:\/\/argentinamunicipal.com.ar\/argentina\/?p=53126"},"modified":"2016-09-05T08:20:03","modified_gmt":"2016-09-05T11:20:03","slug":"gobierno-niega-problema-social-critica-las-protestas","status":"publish","type":"post","link":"http:\/\/argentinamunicipal.com.ar\/argentina\/gobierno-niega-problema-social-critica-las-protestas\/","title":{"rendered":"El gobierno niega problema social y critica las protestas"},"content":{"rendered":"<p>Tras la masiva marcha del viernes, fue la ministra Bullrich quien fij\u00f3 ayer la posici\u00f3n de la Rosada. \u201cSe termin\u00f3 el gano porque presiono. Ahora gana el que trabaja\u201d, dijo.<\/p>\n<p>La ministra de Seguridad Patricia Bullrich, cuestion\u00f3 ayer las protestas contra el gobierno de Mauricio Macri y afirm\u00f3 que no ve \u201cun problema social y que la gente que est\u00e1 saliendo a las marchas est\u00e9 en una situaci\u00f3n dif\u00edcil\u201d.<\/p>\n<p>Las declaraciones de la funcionaria se dieron tras la masiva marcha del \u00faltimo viernes, cuando miles de personas participaron de una marcha convocada por gremios que responden a la Central de Trabajadores de la Argentina (CTA) y que finaliz\u00f3 en la Plaza de Mayo.<\/p>\n<p>Bullrich tambi\u00e9n sostuvo que en la ciudad de Buenos Aires no se aplica el \u201cprotocolo antipiquete\u201d porque \u201cest\u00e1 en una transici\u00f3n en el traspaso de la Polic\u00eda\u201d Federal, por lo que el gobierno porte\u00f1o \u201cha decidido esperar un tiempo hasta saber qui\u00e9n es qui\u00e9n\u201d.<\/p>\n<p>\u201cSi la Ciudad de Buenos Aires est\u00e1 todo el d\u00eda atendiendo piquetes tiene que sacar recursos de otros lados\u201d, cuestion\u00f3 la funcionaria en di\u00e1logo con radio Mitre.<\/p>\n<p>Al referirse a la marcha federal , Bullrich sostuvo que desde el gobierno \u201cno vemos un problema social, no vemos que realmente la gente que est\u00e9 saliendo hoy a las marchas sea gente que est\u00e1 en una situaci\u00f3n dif\u00edcil\u201d.<\/p>\n<p>\u201cSon organizaciones que han estado acostumbradas a ser paraestatales, que han manejado presupuestos enormes del Estado y que ahora est\u00e1n en una situaci\u00f3n distinta\u201d, opin\u00f3.<\/p>\n<p>La ministra de Seguridad consider\u00f3 que \u201cesta p\u00e9rdida de poder lleva a la presi\u00f3n permanente (de estos grupos) para intentar volver a la situaci\u00f3n en la que estaban\u201d, por lo que concluy\u00f3 que \u201chay organizaciones que en la p\u00e9rdida del poder buscan de cualquier manera recuperar ese poder, como si las elecciones no hubieran pasado\u201d.<\/p>\n<p>\u201cUno dice: \u2018\u00bftodos los d\u00edas en la calle? \u00bfNo son cooperativas de trabajo, que tienen que estar construyendo casas, puentes o limpiando sus barrios? Entonces hay una situaci\u00f3n de desorden, entonces estas organizaciones viven del mismo trabajo de la movilizaci\u00f3n\u201d, sentenci\u00f3.<\/p>\n<p>Frente a esta situaci\u00f3n, Bullrich dijo que \u201ctenemos que cambiar la cultura de la presi\u00f3n y ese \u2018yo gano porque presiono\u2019\u201d, a la vez que concluy\u00f3 que \u201chay que volver al \u2018yo gano porque trabajo, me esfuerzo y estudio\u201d.<\/p>\n<p><strong>Dato\u00a09,3%<\/strong><br \/>\nEl crecimiento del desempleo en el segundo trimestre del a\u00f1o, principal reclamo de las organizaciones sindicales.<\/p>\n<h6>Fuente: R\u00edo Negro<\/h6>\n","protected":false},"excerpt":{"rendered":"<p>Tras la masiva marcha del viernes, fue la ministra Bullrich quien fij\u00f3 ayer la posici\u00f3n de la Rosada. \u201cSe termin\u00f3 el gano porque presiono. Ahora gana el que trabaja\u201d, dijo.<\/p>\n","protected":false},"author":2,"featured_media":53127,"comment_status":"closed","ping_status":"closed","sticky":false,"template":"","format":"standard","meta":{"footnotes":""},"categories":[8],"tags":[21],"class_list":["post-53126","post","type-post","status-publish","format-standard","has-post-thumbnail","hentry","category-informe-nacional","tag-argentina"],"_links":{"self":[{"href":"http:\/\/argentinamunicipal.com.ar\/argentina\/wp-json\/wp\/v2\/posts\/53126","targetHints":{"allow":["GET"]}}],"collection":[{"href":"http:\/\/argentinamunicipal.com.ar\/argentina\/wp-json\/wp\/v2\/posts"}],"about":[{"href":"http:\/\/argentinamunicipal.com.ar\/argentina\/wp-json\/wp\/v2\/types\/post"}],"author":[{"embeddable":true,"href":"http:\/\/argentinamunicipal.com.ar\/argentina\/wp-json\/wp\/v2\/users\/2"}],"replies":[{"embeddable":true,"href":"http:\/\/argentinamunicipal.com.ar\/argentina\/wp-json\/wp\/v2\/comments?post=53126"}],"version-history":[{"count":0,"href":"http:\/\/argentinamunicipal.com.ar\/argentina\/wp-json\/wp\/v2\/posts\/53126\/revisions"}],"wp:featuredmedia":[{"embeddable":true,"href":"http:\/\/argentinamunicipal.com.ar\/argentina\/wp-json\/wp\/v2\/media\/53127"}],"wp:attachment":[{"href":"http:\/\/argentinamunicipal.com.ar\/argentina\/wp-json\/wp\/v2\/media?parent=53126"}],"wp:term":[{"taxonomy":"category","embeddable":true,"href":"http:\/\/argentinamunicipal.com.ar\/argentina\/wp-json\/wp\/v2\/categories?post=53126"},{"taxonomy":"post_tag","embeddable":true,"href":"http:\/\/argentinamunicipal.com.ar\/argentina\/wp-json\/wp\/v2\/tags?post=53126"}],"curies":[{"name":"wp","href":"https:\/\/api.w.org\/{rel}","templated":true}]}}