{"id":53178,"date":"2016-09-07T07:13:23","date_gmt":"2016-09-07T10:13:23","guid":{"rendered":"http:\/\/argentinamunicipal.com.ar\/argentina\/?p=53178"},"modified":"2016-09-07T07:13:23","modified_gmt":"2016-09-07T10:13:23","slug":"la-cgt-busca-volumen-politico","status":"publish","type":"post","link":"http:\/\/argentinamunicipal.com.ar\/argentina\/la-cgt-busca-volumen-politico\/","title":{"rendered":"La CGT busca volumen pol\u00edtico"},"content":{"rendered":"<p>La conducci\u00f3n cegetista tendr\u00e1 un encuentro con referentes del Movimiento Evita, Barrios de Pie y la CCC. La pr\u00f3xima semana, con intendentes del PJ y autoridades de la Iglesia.<\/p>\n<p>La CGT recibir\u00e1 hoy a los referentes del Movimiento Evita, Barrios de Pie y la Corriente Clasista Combativa. Ser\u00e1 el primero de una serie de encuentros que la conducci\u00f3n de la central sindical mantendr\u00e1 en los pr\u00f3ximos d\u00edas con el objetivo de generar volumen pol\u00edtico antes de la reuni\u00f3n del Comit\u00e9 Central Confederal del 23 de septiembre, en el que ya avis\u00f3 que podr\u00eda tomar medidas de fuerza si el Gobierno no da respuesta a sus planteos. La agenda de los pr\u00f3ximos contactos de los sindicalistas incluye tambi\u00e9n a intendentes del bonaerenses del PJ y autoridades de la Iglesia cat\u00f3lica y fue confirmada ayer en una reuni\u00f3n de la mesa chica cegetista.<\/p>\n<p>\u201cNos reunimos en principio para armar el temario para el Consejo Directivo y hacer una evaluaci\u00f3n de la ronda de contactos que estamos teniendo y a partir de eso ver cu\u00e1l va a ser la propuesta que vamos a llevar al Confederal del 23\u201d, explic\u00f3 tras el encuentro de ayer Juan Carlos Schmid (Dragado y Balizamiento), quien comparte con H\u00e9ctor Daer (Sanidad) y Carlos Acu\u00f1a (estacioneros) el triunvirato que conduce la CGT. El Consejo Directivo de la central se reunir\u00e1 ma\u00f1ana y all\u00ed la conducci\u00f3n contar\u00e1 de su reuni\u00f3n del viernes pasado con los funcionarios nacionales.<\/p>\n<p>Mientras la dirigencia cegetista iba ese d\u00eda al Ministerio de Trabajo, conclu\u00eda la Marcha Federal convocada por las dos CTA en contra del ajuste con la movilizaci\u00f3n de miles de personas a Plaza de Mayo. El llamado a la unidad de todas las centrales sindicales para enfrentar las pol\u00edticas de Mauricio Macri y a confluir en un paro nacional, sumada a la masividad de la marcha, signific\u00f3 un llamado de atenci\u00f3n para la CGT.<\/p>\n<p>El secretario de prensa de la CGT, Jorge Sola, relativiz\u00f3 la incidencia de la Marcha Federal en la definici\u00f3n de las acciones de la central. \u201cNo busquen por ah\u00ed, ya que hay que entender que la estrategia del movimiento obrero se organiza de manera formal e informal\u201d, explic\u00f3 tras la reuni\u00f3n de la mesa chica en la sede de UPCN. All\u00ed tambi\u00e9n estuvieron, entre otros, el anfitri\u00f3n Andr\u00e9s Rodr\u00edguez (estatales), Pablo Moyano (camioneros), Gerardo Mart\u00ednez (obreros de la construcci\u00f3n), Abel Frutos (panaderos), Armando Cavalieri (empleados de comercio), Omar Maturano (maquinistas ferroviarios), Francisco \u201cBarba\u201d Guti\u00e9rrez (metal\u00fargicos) y Jos\u00e9 Luis Lingieri (obras sanitarias).<\/p>\n<p>Schmid admiti\u00f3 que \u201chay malestar\u201d por las medidas del Gobierno y respondi\u00f3 \u201cseguramente\u201d ante la pregunta de si tras el Confederal vendr\u00e1 alg\u00fan tipo de acci\u00f3n de parte de una CGT en la que hay de todo: los que consideran que es hora de convocar a un paro \u2013de hecho, varios sindicalistas estuvieron el viernes en Plaza de Mayo\u2013, los que se muestran m\u00e1s cercanos al Gobierno y los que tratan de hacer equilibrio entre ambas posturas.<\/p>\n<p>La estrategia frente a esos matices es ganar tiempo a la espera de alg\u00fan cambio de rumbo del Gobierno o de que, si eso no ocurre, madure la idea de un paro y mientras tanto tratar de fortalecerse pol\u00edticamente. Ese fue el objetivo del encuentro que los dirigentes cegetistas tuvieron la semana pasada con senadores del PJ y de los que vendr\u00e1n a partir de hoy.<\/p>\n<p>\u201cCon todos los sectores dialogaremos en base a la misma agenda que le acercamos al Gobierno\u201d, adelant\u00f3 Sola. El men\u00fa de planteos que los dirigentes cegetistas llevaron a su primera reuni\u00f3n con funcionarios nacionales desde la reunificaci\u00f3n de la central sindical incluy\u00f3 la inflaci\u00f3n, la suba de tarifas, la ca\u00edda de la actividad industrial y del empleo, la apertura de las importaciones y la situaci\u00f3n de jubilados y beneficiarios de planes sociales. Tambi\u00e9n figuraron temas como la modificaci\u00f3n del Impuesto a las Ganancias, los cambios en la ley de ART y el proyecto de ley de empleo joven que impulsa la Casa Rosada.<\/p>\n<p>El primero de los encuentros de la agenda confirmada en la reuni\u00f3n de la mesa chica ser\u00e1 hoy con dirigentes de Barrios de Pie, Movimiento Evita y la Corriente Clasista y Combativa. Los sindicalistas los recibir\u00e1n a las diez y media de la ma\u00f1ana en el Sal\u00f3n Felipe Vallese de la sede de la CGT de la calle Azopardo.<\/p>\n<p>Un anticipo de la apertura a esos sectores lo dio ayer el canillita Omar Pla\u00edni, secretario Administrativo de la central sindical al recibir a representantes de la Federaci\u00f3n Argentina de Cooperativas de Trabajadores Autogestionados. Federico Tonarelli, vicepresidente del BAUEN, consider\u00f3 que el encuentro fue muy gratificante y positivo \u201cporque la CGT comienza a reconocer al trabajo autogestionado asociado en cooperativas como parte del movimiento obrero\u201d.<\/p>\n<p>Para el lunes pr\u00f3ximo la dirigencia cegetista tiene prevista la reuni\u00f3n con intendentes peronistas del conurbano. Dos d\u00edas despu\u00e9s ser\u00e1 el turno de los representantes de la Iglesia cat\u00f3lica. La idea de los sindicalistas es hacer m\u00e1s reuniones y verse tambi\u00e9n con diputados del peronismo. La agenda no est\u00e1 cerrada.<\/p>\n<h6>Fuente: P\u00e1gina 12<\/h6>\n","protected":false},"excerpt":{"rendered":"<p>La conducci\u00f3n cegetista tendr\u00e1 un encuentro con referentes del Movimiento Evita, Barrios de Pie y la CCC. La pr\u00f3xima semana, con intendentes del PJ y autoridades de la Iglesia.<\/p>\n","protected":false},"author":2,"featured_media":53179,"comment_status":"closed","ping_status":"closed","sticky":false,"template":"","format":"standard","meta":{"footnotes":""},"categories":[8],"tags":[21],"class_list":["post-53178","post","type-post","status-publish","format-standard","has-post-thumbnail","hentry","category-informe-nacional","tag-argentina"],"_links":{"self":[{"href":"http:\/\/argentinamunicipal.com.ar\/argentina\/wp-json\/wp\/v2\/posts\/53178","targetHints":{"allow":["GET"]}}],"collection":[{"href":"http:\/\/argentinamunicipal.com.ar\/argentina\/wp-json\/wp\/v2\/posts"}],"about":[{"href":"http:\/\/argentinamunicipal.com.ar\/argentina\/wp-json\/wp\/v2\/types\/post"}],"author":[{"embeddable":true,"href":"http:\/\/argentinamunicipal.com.ar\/argentina\/wp-json\/wp\/v2\/users\/2"}],"replies":[{"embeddable":true,"href":"http:\/\/argentinamunicipal.com.ar\/argentina\/wp-json\/wp\/v2\/comments?post=53178"}],"version-history":[{"count":0,"href":"http:\/\/argentinamunicipal.com.ar\/argentina\/wp-json\/wp\/v2\/posts\/53178\/revisions"}],"wp:featuredmedia":[{"embeddable":true,"href":"http:\/\/argentinamunicipal.com.ar\/argentina\/wp-json\/wp\/v2\/media\/53179"}],"wp:attachment":[{"href":"http:\/\/argentinamunicipal.com.ar\/argentina\/wp-json\/wp\/v2\/media?parent=53178"}],"wp:term":[{"taxonomy":"category","embeddable":true,"href":"http:\/\/argentinamunicipal.com.ar\/argentina\/wp-json\/wp\/v2\/categories?post=53178"},{"taxonomy":"post_tag","embeddable":true,"href":"http:\/\/argentinamunicipal.com.ar\/argentina\/wp-json\/wp\/v2\/tags?post=53178"}],"curies":[{"name":"wp","href":"https:\/\/api.w.org\/{rel}","templated":true}]}}