{"id":53181,"date":"2016-09-07T07:17:08","date_gmt":"2016-09-07T10:17:08","guid":{"rendered":"http:\/\/argentinamunicipal.com.ar\/argentina\/?p=53181"},"modified":"2016-09-07T07:17:08","modified_gmt":"2016-09-07T10:17:08","slug":"la-renovacion-recuerdo-cafiero","status":"publish","type":"post","link":"http:\/\/argentinamunicipal.com.ar\/argentina\/la-renovacion-recuerdo-cafiero\/","title":{"rendered":"La renovaci\u00f3n como recuerdo a Cafiero"},"content":{"rendered":"<p>En un homenaje a Cafiero, se present\u00f3 en p\u00fablico el sector de gobernadores e intendentes que plantean la necesidad de una renovaci\u00f3n en el justicialismo. La participaci\u00f3n en el acto fue amplia. Desde los jefes partidarios Gioja y Scioli a referentes del massismo.<\/p>\n<p>\u201cNosotros somos peronistas y no tenemos que profesar ninguna otra fe\u201d. Tal vez porque no tiene responsabilidades de gesti\u00f3n fue Santiago Cafiero, nieto del homenajeado Antonio y dirigente del PJ en San Isidro, quien m\u00e1s se anim\u00f3 a incursionar en el debate interno del peronismo. Fue apenas un momento. Por lo dem\u00e1s, el acto presentaci\u00f3n de \u201cla nueva renovaci\u00f3n\u201d que buscan encabezar un grupo de gobernadores e intendentes bonaerenses del justicialismo consisti\u00f3 en una larga lista de oradores que resaltaron la figura de Cafiero, convocaron a levantar las banderas hist\u00f3ricas del peronismo y a unirse para enfrentar las pol\u00edticas de ajuste del gobierno de Mauricio Macri. La presencia de dirigentes arriba y abajo del escenario permiti\u00f3 destacar a los organizadores la amplitud de su propuesta, desde la participaci\u00f3n de Jos\u00e9 Luis Gioja y Daniel Scioli \u2013presidente y vice del PJ nacional\u2013 hasta los massistas Felipe Sol\u00e1, H\u00e9ctor Daer y Alberto Fern\u00e1ndez pasando por el intendente de Merlo, Gustavo Men\u00e9ndez, el \u00fanico orador kirchnerista.<\/p>\n<p>El encuentro fue pensado como una presentaci\u00f3n en sociedad de los nuevos renovadores, aprovechando el aniversario de la victoria de Cafiero como gobernador de la provincia de Buenos Aires. Lo organizaron los intendentes bonaerenses Mart\u00edn Insaurralde (Lomas de Zamora), Gabriel Katopodis (San Mart\u00edn) y Juan Zabaleta (Hurlingham), los integrantes m\u00e1s activos del grupo Esmeralda. No fue un acto p\u00fablico con bombos y banderas, pero tampoco un encuentro cerrado. Se hizo en un sal\u00f3n del hotel NH, en diagonal al Cabildo, y all\u00ed se mezclaron dirigentes con simpatizantes. A la voz de aura, fue subiendo gente al escenario. La cuesti\u00f3n de los participantes era clave para conocer el respaldo a la movida y se puede decir que sacaron aprobado.<\/p>\n<p>En primera fila se ubicaron los gobernadores Domingo Peppo (Chaco), Gustavo Bordet (Entre R\u00edos), Rosana Bertone (Tierra del Fuego), Gildo Insfr\u00e1n (Formosa) y Sergio U\u00f1ac (San Juan). Se dijo que s\u00f3lo subir\u00edan gobernadores e intendentes \u2013la cuesti\u00f3n territorial es piedra basal de la \u201cnueva renovaci\u00f3n\u201d\u2013 aunque tambi\u00e9n estuvieron Gioja como jefe partidario, Mario y Santiago Cafiero como hijo y nieto del homenajeado y el senador Juan Manuel Abal Medina. El diputado Diego Bossio quiso sumarse y no lo dejaron, cosa que aparentemente lo enoj\u00f3 porque se retir\u00f3. Adem\u00e1s de los intendentes esmeraldas, participaron algunos ajenos como los hist\u00f3ricos Julio Pereyra (Florencio Varela) y Alberto Descalzo (Ituzaing\u00f3), el ya mencionado Men\u00e9ndez, Ver\u00f3nica Magario (La Matanza), Ariel Sujarchuk (Escobar) y Leo Nardini (Malvinas Argentinas). Estos cuatro forman otro grupo de jefes comunales, provisoriamente llamado F\u00e9nix, que tambi\u00e9n planean presentarse en breve. Las diferencias entre el Esmeralda y el F\u00e9nix:<\/p>\n<p>&#8211; Unos consideran el kirchnerismo una instancia superada, los otros no; lo mismo ocurre con el liderazgo de Cristina Kirchner.<\/p>\n<p>&#8211; Los F\u00e9nix aceptan la hist\u00f3rica preeminencia del peronismo de La Matanza que encabezan Fernando Espinoza y Magario, quienes si bien no son kirchneristas tampoco lo rechazan.<\/p>\n<p>&#8211; Los F\u00e9nix recelan de la actitud amistosa de los Esmeralda hacia el disidente Bloque Justicialista de Bossio y, especialmente, el Frente Renovador de Sergio Massa.<\/p>\n<p>Pero ayer no fue el momento de exponer esas diferencias. La lista de oradores fue larga para facilitar la amplitud. Comenz\u00f3 el periodista y ex colaborador de Cafiero, Carlos Campolongo, quien protagoniz\u00f3 el primer blooper cuando amag\u00f3 bajarse del escenario y le avisaron que ten\u00eda que volver para conducir el acto. \u201cEst\u00e1s como De la R\u00faa\u201d, le gritaron desde abajo. Le siguieron el intendente de Bol\u00edvar, \u201cBali\u201d Bucca, quien reclam\u00f3 \u201cun proyecto bien grande que contenga a todos y no expulse a nadie\u201d. Lo sigui\u00f3 Cafiero nieto quien dijo que en verdad las pol\u00edticas activas del gobierno anterior eran banderas del peronismo, por lo que no se deb\u00eda defender al \u201ckirchnerismo\u201d sino al peronismo. Fue el \u00fanico que hizo una menci\u00f3n expl\u00edcita. Cuando le toc\u00f3 hablar al \u201cTano\u201d Men\u00e9ndez, kirchnerista, eligi\u00f3 el tono emotivo con el recuerdo de varias an\u00e9cdotas personales con Cafiero, a quien conoci\u00f3 desde peque\u00f1o. \u201cEs l\u00f3gico y natural que haya alguna que otra diferencia. Tengamos en claro cu\u00e1l es el rival a vencer\u201d, pidi\u00f3 en el cierre.<\/p>\n<p>La lista se hizo larga, alguien del p\u00fablico pidi\u00f3 que pusieran la marcha. \u201cYa va. Hay m\u00e1s oradores, viene un video y despu\u00e9s la marcha\u201d, le respondieron. Hablaron Gin\u00e9s Gonz\u00e1lez Garc\u00eda y Felipe Sol\u00e1. \u201cGracias por darle espacio a la tercera edad\u201d, ironiz\u00f3 Sol\u00e1, entre los m\u00e1s aplaudidos. El cierre fue para \u201cJuanchi\u201d Zabaleta. \u201cNo venimos a construir en contra de nadie sino a favor de los m\u00e1s humildes\u201d, se\u00f1al\u00f3.<\/p>\n<p>La evaluaci\u00f3n que hac\u00eda uno de los organizadores del encuentro era positiva. \u201cAhora hay que empezar a trabajar en pol\u00edticas para proteger a los gremios, a las pymes, a la industria nacional. Lo que est\u00e1 claro es que lo nuestro es en contra de Macri, pero es un proyecto superador, no podemos presentarle a la sociedad algo que qued\u00f3 en el pasado\u201d, argumentaba.<\/p>\n<h6>Fuente: P\u00e1gina 12<\/h6>\n","protected":false},"excerpt":{"rendered":"<p>En un homenaje a Cafiero, se present\u00f3 en p\u00fablico el sector de gobernadores e intendentes que plantean la necesidad de una renovaci\u00f3n en el justicialismo. La participaci\u00f3n en el acto fue amplia. Desde los jefes partidarios Gioja y Scioli a referentes del massismo.<\/p>\n","protected":false},"author":2,"featured_media":53182,"comment_status":"closed","ping_status":"closed","sticky":false,"template":"","format":"standard","meta":{"footnotes":""},"categories":[8],"tags":[21],"class_list":["post-53181","post","type-post","status-publish","format-standard","has-post-thumbnail","hentry","category-informe-nacional","tag-argentina"],"_links":{"self":[{"href":"http:\/\/argentinamunicipal.com.ar\/argentina\/wp-json\/wp\/v2\/posts\/53181","targetHints":{"allow":["GET"]}}],"collection":[{"href":"http:\/\/argentinamunicipal.com.ar\/argentina\/wp-json\/wp\/v2\/posts"}],"about":[{"href":"http:\/\/argentinamunicipal.com.ar\/argentina\/wp-json\/wp\/v2\/types\/post"}],"author":[{"embeddable":true,"href":"http:\/\/argentinamunicipal.com.ar\/argentina\/wp-json\/wp\/v2\/users\/2"}],"replies":[{"embeddable":true,"href":"http:\/\/argentinamunicipal.com.ar\/argentina\/wp-json\/wp\/v2\/comments?post=53181"}],"version-history":[{"count":0,"href":"http:\/\/argentinamunicipal.com.ar\/argentina\/wp-json\/wp\/v2\/posts\/53181\/revisions"}],"wp:featuredmedia":[{"embeddable":true,"href":"http:\/\/argentinamunicipal.com.ar\/argentina\/wp-json\/wp\/v2\/media\/53182"}],"wp:attachment":[{"href":"http:\/\/argentinamunicipal.com.ar\/argentina\/wp-json\/wp\/v2\/media?parent=53181"}],"wp:term":[{"taxonomy":"category","embeddable":true,"href":"http:\/\/argentinamunicipal.com.ar\/argentina\/wp-json\/wp\/v2\/categories?post=53181"},{"taxonomy":"post_tag","embeddable":true,"href":"http:\/\/argentinamunicipal.com.ar\/argentina\/wp-json\/wp\/v2\/tags?post=53181"}],"curies":[{"name":"wp","href":"https:\/\/api.w.org\/{rel}","templated":true}]}}