{"id":53184,"date":"2016-09-07T06:19:41","date_gmt":"2016-09-07T09:19:41","guid":{"rendered":"http:\/\/argentinamunicipal.com.ar\/argentina\/?p=53184"},"modified":"2016-09-07T07:23:55","modified_gmt":"2016-09-07T10:23:55","slug":"desguace-los-programas-educacion","status":"publish","type":"post","link":"http:\/\/argentinamunicipal.com.ar\/argentina\/desguace-los-programas-educacion\/","title":{"rendered":"El desguace de los programas de Educaci\u00f3n"},"content":{"rendered":"<p>Las \u00faltimas cesant\u00edas anunciadas hicieron foco en trabajadores que se desempe\u00f1aban en el Instituto de Formaci\u00f3n Docente y en las \u00e1reas de alfabetizaci\u00f3n, educaci\u00f3n sexual, coros y orquestas infantiles, entre otras.<\/p>\n<p>Las 200 cesant\u00edas decretadas por Esteban Bullrich en el Ministerio de Educaci\u00f3n generaron \u201cun panorama de par\u00e1lisis en los programas de inclusi\u00f3n\u201d, afirm\u00f3 el secretario gremial de la junta interna de ATE, Rodrigo Recalde. Los telegramas de despido, anunciados la semana pasada, terminaron de llegar entre el viernes y el lunes, y estuvieron focalizados en trabajadores del Instituto de Formaci\u00f3n Docente y de los programas de alfabetizaci\u00f3n, de educaci\u00f3n sexual integral y de coros y orquestas infantiles, entre otros.<\/p>\n<p>\u201cLos despidos forman parte de la reforma de neoliberal del Estado, al que ahora no le importa que haya un alfabetizador menos, un docente que ya no entra en las villas, ni el libro o la notebook que no se entrega en las escuelas\u201d, denunci\u00f3 el delegado.<\/p>\n<p>Contra los despidos march\u00f3 la semana pasada buena parte de la comunidad educativa, en un abrazo simb\u00f3lico alrededor del Palacio Sarmiento para el que se unieron estatales, docentes y militantes de organismos de derechos humanos. El reclamo apunt\u00f3 tambi\u00e9n al desembarco del sector privado en programas como Conectar Igualdad y la tercerizaci\u00f3n de funciones propias del ministerio en ONG y empresas (como la contrataci\u00f3n de la fundaci\u00f3n Red Creativa para el dictado de cursos de prevenci\u00f3n de adicciones), que se dan en paralelo al ajuste de personal y el cierre de \u00e1reas.<\/p>\n<p>Los despidos fueron comunicados \u201ca trav\u00e9s de llamados an\u00f3nimos\u201d, denunci\u00f3 Recalde, \u201cen los que se les intimaba a los compa\u00f1eros a dejar las tarjetas de ingreso, casi a modo de apriete\u201d. \u201cHay un ataque sobre los trabajadores porque ellos representan los programas que fueron recortados y que para este Gobierno no coinciden con el modelo de Estado\u201d, grafic\u00f3.<\/p>\n<p>El panorama de desguace quedo trazado de la siguiente forma:<\/p>\n<p>&#8211; Direcci\u00f3n Nacional de Pol\u00edticas Socioeducactivas: hubo 70 despidos. Creada a partir de la Ley Nacional de Educaci\u00f3n, el \u00e1rea se ocupaba de actividades infantiles como los coros y las orquestas, que fueron descentralizadas a los municipios pero a\u00fan sin los recursos para funcionar. \u201cDescentralizaron la escuela primaria en la dictadura, la secundaria en los 90 y ahora los programas. Es el correlato de una reforma neoliberal del Estado\u201d, asegur\u00f3 Recalde. Adem\u00e1s de docentes, fueron despedidos m\u00fasicos y pedagogos. A trav\u00e9s de estos programas, muchas escuelas abr\u00edan sus puertas los s\u00e1bados, lo que dej\u00f3 de hacerse.<\/p>\n<p>&#8211; Instituto Nacional de Formaci\u00f3n Docente: hubo 50 despidos. Fue creado en 2007, con el objetivo de potenciar la formaci\u00f3n entre los docentes y fortalecer la \u201carticulaci\u00f3n pedag\u00f3gica\u201d con los alumnos. Una de las l\u00edneas de acci\u00f3n del Instituto, el programa Nuestra Escuela, con 400 mil docentes inscriptos, cerrar\u00e1 a partir del a\u00f1o pr\u00f3ximo en la provincia de Buenos Aires.<\/p>\n<p>&#8211; Educaci\u00f3n de j\u00f3venes y adultos: hubo otros 20 despidos, en su mayor\u00eda alfabetizadores. \u201cEl programa apuntaba a que el Estado pueda incluir a quienes la estructura formal educativa hab\u00eda excluido. El Estado hab\u00eda reconocido una falencia, estaba llegando a escuelas de frontera, a las villas, a los sectores que forman parte del n\u00facleo de pobreza. Hoy est\u00e1 presupuestaria y pedag\u00f3gicamente destruido\u201d, se\u00f1al\u00f3 Recalde.<\/p>\n<p>&#8211; El resto de los despidos se produjeron en la Direcci\u00f3n Nacional de Informaci\u00f3n y Estad\u00edstica de la Calidad Educativa, el Plan Nacional de Lectura, Educaci\u00f3n y Memoria, Educaci\u00f3n Sexual Integral, Educaci\u00f3n Intercultural Biling\u00fce, Biblioteca de Maestros, Educaci\u00f3n para Adultos y Educaci\u00f3n Art\u00edstica.<\/p>\n<h6>Fuente: P\u00e1gina 12<\/h6>\n","protected":false},"excerpt":{"rendered":"<p>Las \u00faltimas cesant\u00edas anunciadas hicieron foco en trabajadores que se desempe\u00f1aban en el Instituto de Formaci\u00f3n Docente y en las \u00e1reas de alfabetizaci\u00f3n, educaci\u00f3n sexual, coros y orquestas infantiles, entre otras.<\/p>\n","protected":false},"author":2,"featured_media":53185,"comment_status":"closed","ping_status":"closed","sticky":false,"template":"","format":"standard","meta":{"footnotes":""},"categories":[8],"tags":[21],"class_list":["post-53184","post","type-post","status-publish","format-standard","has-post-thumbnail","hentry","category-informe-nacional","tag-argentina"],"_links":{"self":[{"href":"http:\/\/argentinamunicipal.com.ar\/argentina\/wp-json\/wp\/v2\/posts\/53184","targetHints":{"allow":["GET"]}}],"collection":[{"href":"http:\/\/argentinamunicipal.com.ar\/argentina\/wp-json\/wp\/v2\/posts"}],"about":[{"href":"http:\/\/argentinamunicipal.com.ar\/argentina\/wp-json\/wp\/v2\/types\/post"}],"author":[{"embeddable":true,"href":"http:\/\/argentinamunicipal.com.ar\/argentina\/wp-json\/wp\/v2\/users\/2"}],"replies":[{"embeddable":true,"href":"http:\/\/argentinamunicipal.com.ar\/argentina\/wp-json\/wp\/v2\/comments?post=53184"}],"version-history":[{"count":0,"href":"http:\/\/argentinamunicipal.com.ar\/argentina\/wp-json\/wp\/v2\/posts\/53184\/revisions"}],"wp:featuredmedia":[{"embeddable":true,"href":"http:\/\/argentinamunicipal.com.ar\/argentina\/wp-json\/wp\/v2\/media\/53185"}],"wp:attachment":[{"href":"http:\/\/argentinamunicipal.com.ar\/argentina\/wp-json\/wp\/v2\/media?parent=53184"}],"wp:term":[{"taxonomy":"category","embeddable":true,"href":"http:\/\/argentinamunicipal.com.ar\/argentina\/wp-json\/wp\/v2\/categories?post=53184"},{"taxonomy":"post_tag","embeddable":true,"href":"http:\/\/argentinamunicipal.com.ar\/argentina\/wp-json\/wp\/v2\/tags?post=53184"}],"curies":[{"name":"wp","href":"https:\/\/api.w.org\/{rel}","templated":true}]}}