{"id":53205,"date":"2016-09-07T07:57:44","date_gmt":"2016-09-07T10:57:44","guid":{"rendered":"http:\/\/argentinamunicipal.com.ar\/argentina\/?p=53205"},"modified":"2016-09-07T07:57:44","modified_gmt":"2016-09-07T10:57:44","slug":"pauta-oficial-una-doble-discriminacion-los-medios-digitales-afirmo-fidanza-apd","status":"publish","type":"post","link":"http:\/\/argentinamunicipal.com.ar\/argentina\/pauta-oficial-una-doble-discriminacion-los-medios-digitales-afirmo-fidanza-apd\/","title":{"rendered":"Pauta oficial: \u201cHay una doble discriminaci\u00f3n contra los medios digitales\u201d, afirm\u00f3 Fidanza, de APD"},"content":{"rendered":"<p>De cara al debate p\u00fablico en pos de una ley que regule la distribuci\u00f3n de la pauta oficial, el titular de APD afirm\u00f3 que existe una \u201cdoble discriminaci\u00f3n\u201d contra los medios digitales y que el Gobierno \u201creplica la distribuci\u00f3n de la pauta que hace el mercado privado\u201d.<\/p>\n<p>El titular de la Asociaci\u00f3n de Periodismo Digital, Ignacio Fidanza, se refiri\u00f3 hoy al debate en ciernes en torno de una ley que regule la distribuci\u00f3n de la pauta oficial, que hoy presenta un severo desequilibrio en contra de los medios digitales y a favor de multinacionales como Facebook y Google.<\/p>\n<p>En di\u00e1logo con INFOCIELO, y a horas de presentarse ante un plenario legislativo junto a representantes de las comisiones de Medios de Comunicaci\u00f3n y Hacienda en el que se debatir\u00e1n tres proyectos para regular la distribuci\u00f3n de la pauta, Fidanza afirm\u00f3 que existe una doble discriminaci\u00f3n contra los portales de noticias.<\/p>\n<p>El dato, explic\u00f3, \u201csurge de lo que se vio en el ejecutado de los primeros siete meses del gobierno, conocido a raiz de un pedido de informes, sobre c\u00f3mo distribuyo la pauta\u201d. En esos datos se evidencia que del total \u201cs\u00f3lo el 4% va para el mundo digital y, dentro de ese 4%, el 70% va a Google y Facebook\u201d.<\/p>\n<p>\u201cSon numeros lapidarios -se lament\u00f3 Fidanza-, no puede ser que en comparacion con radios, canales y radios haya s\u00f3lo 4 por ciento para los medios digitales; por cantidad de lectores, por influencia, por distribucion geogr\u00e1fica o cualquier criterio es ridiculo\u201d. En ese sentido, grafic\u00f3 que \u201cdiez mil lectores de un diario valen millones de pesos y diez mil lectores de un portal valen unos pocos miles\u201d, lo cual, insisti\u00f3, \u201ces inequitativo\u201d.<\/p>\n<p>En cuanto al rol de las multinacionales Facebook y Google, Fidanza subray\u00f3 que esas empresas \u201cpr\u00e1cticamente no tributan en el pa\u00eds ni generan empleo, remiten sus ganancias al exterior, no generan contenidos culturales ni aportes a la democracia, que es la funcion de los medios\u201d.<\/p>\n<p>Para Fidanza, de fondo hay \u201cun problema de concepcion\u201d, ya que, dijo, \u201cel Gobierno se maneja como si fuera una empresa privada y replica la distribucion que hace el mercado privado\u201d. Con una diferencia: la distribuci\u00f3n privada lleva al 20 por ciento lo que destina al mundo digital, y una similitud: de ese total, nuevamente el 70 por ciento es para Facebook y Google.<\/p>\n<p>El planteo de APD frente al Congreso buscar\u00e1 que los tres proyectos que hay en danza -uno del radical Juan Carlos Marino, miembro de Cambiemos; y otros de Jaime Linares, del GEN, y de Magdalena Odarda, de la Coalici\u00f3n C\u00edvica-, tenga en cuenta las objeciones de los representantes de medios digitales.<\/p>\n<p>Actualmente, afirm\u00f3, \u201cninguno tiene en cuenta esto con tanta precisi\u00f3n\u201d a pesar de que instruyen \u201cde manera indirecta\u201d a que se contemplen \u201ccriterios de audiencia, penetraci\u00f3n territorial y federal, cantidad de empleo que dan\u201d y otras variables que prescinden, sin embargo, de la discusi\u00f3n en torno a Facebook y Google. No obstante, remarc\u00f3 que es \u201cpositivo\u201d que se trate la ley, as\u00ed como tambi\u00e9n que el Gobierno haya fijado a trav\u00e9s de resoluciones algunas pautas en el mismo sentido.<\/p>\n<h6>Fuente: InfoCielo<\/h6>\n","protected":false},"excerpt":{"rendered":"<p>De cara al debate p\u00fablico en pos de una ley que regule la distribuci\u00f3n de la pauta oficial, el titular de APD afirm\u00f3 que existe una \u201cdoble discriminaci\u00f3n\u201d contra los medios digitales y que el Gobierno \u201creplica la distribuci\u00f3n de la pauta que hace el mercado privado\u201d.<\/p>\n","protected":false},"author":2,"featured_media":53206,"comment_status":"closed","ping_status":"closed","sticky":false,"template":"","format":"standard","meta":{"footnotes":""},"categories":[8],"tags":[21],"class_list":["post-53205","post","type-post","status-publish","format-standard","has-post-thumbnail","hentry","category-informe-nacional","tag-argentina"],"_links":{"self":[{"href":"http:\/\/argentinamunicipal.com.ar\/argentina\/wp-json\/wp\/v2\/posts\/53205","targetHints":{"allow":["GET"]}}],"collection":[{"href":"http:\/\/argentinamunicipal.com.ar\/argentina\/wp-json\/wp\/v2\/posts"}],"about":[{"href":"http:\/\/argentinamunicipal.com.ar\/argentina\/wp-json\/wp\/v2\/types\/post"}],"author":[{"embeddable":true,"href":"http:\/\/argentinamunicipal.com.ar\/argentina\/wp-json\/wp\/v2\/users\/2"}],"replies":[{"embeddable":true,"href":"http:\/\/argentinamunicipal.com.ar\/argentina\/wp-json\/wp\/v2\/comments?post=53205"}],"version-history":[{"count":0,"href":"http:\/\/argentinamunicipal.com.ar\/argentina\/wp-json\/wp\/v2\/posts\/53205\/revisions"}],"wp:featuredmedia":[{"embeddable":true,"href":"http:\/\/argentinamunicipal.com.ar\/argentina\/wp-json\/wp\/v2\/media\/53206"}],"wp:attachment":[{"href":"http:\/\/argentinamunicipal.com.ar\/argentina\/wp-json\/wp\/v2\/media?parent=53205"}],"wp:term":[{"taxonomy":"category","embeddable":true,"href":"http:\/\/argentinamunicipal.com.ar\/argentina\/wp-json\/wp\/v2\/categories?post=53205"},{"taxonomy":"post_tag","embeddable":true,"href":"http:\/\/argentinamunicipal.com.ar\/argentina\/wp-json\/wp\/v2\/tags?post=53205"}],"curies":[{"name":"wp","href":"https:\/\/api.w.org\/{rel}","templated":true}]}}