{"id":53235,"date":"2016-09-07T08:35:30","date_gmt":"2016-09-07T11:35:30","guid":{"rendered":"http:\/\/argentinamunicipal.com.ar\/argentina\/?p=53235"},"modified":"2016-09-07T08:35:30","modified_gmt":"2016-09-07T11:35:30","slug":"macri-dividir-reinar","status":"publish","type":"post","link":"http:\/\/argentinamunicipal.com.ar\/argentina\/macri-dividir-reinar\/","title":{"rendered":"Macri debe dividir para reinar"},"content":{"rendered":"<p>Claves. A un a\u00f1o de las Paso y a 14 meses de los comicios de mitad de mandato, el gobierno nacional necesita mantener parcelado al peronismo y mejorar la econom\u00eda. Se empiezan a buscar definiciones en Santa Fe.<\/p>\n<p>El gobierno nacional debe fomentar la divisi\u00f3n de la oposici\u00f3n y rogarle al cielo que ese escenario se mantenga hasta las elecciones de 2017. Con su gesti\u00f3n est\u00e1 haciendo poco: un \u00e9xito electoral s\u00f3lo por las bondades de su acci\u00f3n, a esta altura, se parece a una quimera.<\/p>\n<p>A un a\u00f1o casi exacto de las pr\u00f3ximas Paso y a menos de 14 meses de los comicios de mitad de mandato, los funcionarios comienzan a caminar las provincias buscando masa cr\u00edtica e intentando comprometer a los socios radicales en lo que ser\u00e1 la final del mundo.<\/p>\n<p>En ese sentido, la verbalizaci\u00f3n que hizo el ministro del Interior, Rogelio Frigerio, ante las referencias santafesinas de Cambiemos pone blanco sobre negro las intenciones. \u00abUstedes tienen que ser los voceros del presidente de la Naci\u00f3n\u00bb, les dijo el funcionario a diputados y concejales del PRO, pero tambi\u00e9n a Juli\u00e1n Galdeano, presidente de la UCR santafesina.<\/p>\n<p>De a poco, los tiempos tambi\u00e9n se van acortando para una definici\u00f3n del intendente de Santa Fe, Jos\u00e9 Corral. En alg\u00fan pasillo de Balcarce 50, cobra entidad la voz que sostiene la t\u00e1ctica y estrategia del jefe del Estado respecto a las fichas para la provincia.<\/p>\n<p>\u00abVa de suyo que si Corral encabeza la lista a diputado nacional, y gana, en 2019 ser\u00e1 candidato a gobernador de Cambiemos con el apoyo de Macri\u00bb, es la s\u00edntesis. Si es verdad que sin 2017 no hay 2019, el dilema del jefe municipal santafesino \u2014y de los radicales macristas\u2014 es que tengan que hacerle la segunda al PRO como ya se la hacen al socialismo en el Frente Progresista.<\/p>\n<p>El tren que pasa. \u00abEl tren pasa una sola vez. \u00bfQu\u00e9 suceder\u00eda si llevamos un candidato nuestro y gana? Es n\u00famero puesto para la Gobernaci\u00f3n\u00bb, dijo a La Capital una fuente amarilla. A tal fin, la semana pr\u00f3xima se habilitar\u00e1 en Rosario la sede de la Fundaci\u00f3n Pensar, una especie de laboratorio macrista que le dar\u00e1 alg\u00fan espesor intelectual y de proyecto al PRO provincial. \u00bfQui\u00e9n ser\u00e1 el encargado de traer la llave nacional? Frigerio, convertido a esta altura en el operador pol\u00edtico que gan\u00f3 terreno en desmedro de Emilio Monz\u00f3, quien estar\u00eda lucubrando un nuevo horizonte.<\/p>\n<p>La misma duda que circunda a Corral la tiene el intendente de C\u00f3rdoba, Ram\u00f3n Mestre, a quien la Casa Rosada quiere como candidato a diputado. De ser electos diputados nacionales, Corral y Mestre tendr\u00e1n que renunciar a sus cargos o convertirse en postulantes testimoniales, algo que buena parte de la sociedad ya no tolera.<\/p>\n<p>En el caso de que el presidente de la UCR renuncie a la Intendencia de Santa Fe deber\u00e1 convocar a elecciones y, en esa instancia, nada garantiza que el partido de boina blanca \u2014ahora con filigranas amarillas\u2014 conserve el poder. Por lo pronto, el PS dice tener en el periodista, hoy senador, Emilio Jat\u00f3n al sucesor de Corral. Curiosidad socialista: una vez que se abri\u00f3 con un extrapartidario tuvo \u00e9xito.<\/p>\n<p>A tal punto llegan las especulaciones que algunos sostienen por lo bajo que Mario Barletta podr\u00eda ir como candidato a concejal para que, si Corral llega a la C\u00e1mara baja nacional, se presente nuevamente para la Intendencia de la capital santafesina. Cuando se lo consulta, Barletta se r\u00ede de la imaginaci\u00f3n frondosa de los analistas pol\u00edticos.<\/p>\n<p>El que tendr\u00e1 que decidir su futuro en el socialismo ser\u00e1 Antonio Bonfatti. \u00bfSaldr\u00e1 a la cancha como candidato para defender a todo o nada la viabilidad del Frente Progresista frente a Cambiemos? Algunos dicen que s\u00ed, otros dicen que no. El ex gobernador se planta haciendo reverencia a una m\u00e1xima previsible en tiempos en que las agrupaciones pol\u00edticas eran \u00fanicas ordenadoras de candidaturas: \u00abHar\u00e9 lo que el partido me pida\u00bb.<\/p>\n<p>Macri, por 4 o por 8. El futuro de Cambiemos depende de una variable: la gesti\u00f3n de Macri. En 2017 lo que definir\u00e1n los argentinos es si le dan un respaldo a la administraci\u00f3n nacional o si consideran que el presidente debe tener el boleto picado.<\/p>\n<p>Macri necesita ganar provincia de Buenos Aires, pero tambi\u00e9n Santa Fe y C\u00f3rdoba, territorios que en las presidenciales fueron claves para la suma nacional. La gesti\u00f3n presenta demasiados claroscuros como para que hoy pueda darse un pron\u00f3stico cargado de realismo.<\/p>\n<p>La apuesta a la baja de la inflaci\u00f3n es paralela a una ca\u00edda muy fuerte del consumo, algo que para los argentinos de clase media es todo un intr\u00edngulis. El papel\u00f3n oficial por las tarifas de gas tal vez le haga internalizar al gobierno una estado de situaci\u00f3n que fue muy bien graficado por el periodista Luis Tonelli en la \u00faltima edici\u00f3n del quincenario El Estadista: \u00abLa gente no vot\u00f3 en contra del modelo kirchnerista. La gente vot\u00f3 en contra del estilo kirchnerista. El gobierno de Macri pens\u00f3 que cambiando de estilo externo pod\u00eda cambiar el modelo. Pero para que esa transici\u00f3n sea posible, sin que se haya dado una crisis que habilita al decisionismo, necesita de pol\u00edtica, mucha pol\u00edtica\u00bb.<\/p>\n<p>Aunque ning\u00fan gobierno gana elecciones aplicando pol\u00edticas de ajuste, la gran ventaja comparativa que tiene Macri es que en la oposici\u00f3n nadie capitaliza la actualidad econ\u00f3mica. Para el peronismo \u2014que ahora pretende ir por una nueva \u00abrenovaci\u00f3n\u00bb\u2014 la movilizaci\u00f3n casi permanente del kirchnerismo con sus \u00edconos es todo un problema. Se observa en la provincia de Buenos Aires mejor que en cualquier otro lado: Cristina tiene all\u00ed un 25 por ciento de intenci\u00f3n de voto. Otros dicen el 30 por ciento.<\/p>\n<p>Con brutalidad discursiva, el gur\u00fa ecuatoriano Jaime Dur\u00e1n Barba se lo dijo a la plana mayor del gobierno durante un encuentro en San Juan: \u00abCon el timbreo no hubo ni un incidente. La gente de abajo no est\u00e1 preocupada. O est\u00e1 preocupada, pero cree que lo hacemos por culpa de Cristina (Kirchner), comprende que es necesario\u00bb.<\/p>\n<p>Toda una curiosidad el cambio de Dur\u00e1n Barba, porque en el libro Cambiamos (un diario de campa\u00f1a escrito por el actual funcionario Hern\u00e1n Iglesias Illa) el pintoresco marketinero sostiene: \u00abLa idea del ajuste inicial para equilibrar la econom\u00eda y sacarse la peor parte de encima es una idea sin retorno. No hay gobierno que haga un ajuste y despu\u00e9s no sea percibido como hijo de puta por la poblaci\u00f3n\u00bb. \u00bfEn qu\u00e9 quedamos, Jaime?<\/p>\n<p>Algo de paz. Esa necesidad objetiva que tiene el gobierno de dividir a la oposici\u00f3n puede constituirse en una buena noticia para la Casa Gris. Un polo de centroizquierda m\u00ednimamente competitivo necesita de una buena gesti\u00f3n del Frente Progresista santafesino. En los \u00faltimos d\u00edas pareci\u00f3 mejorar la relaci\u00f3n entre Miguel Lifschitz y la Casa Rosada.<\/p>\n<p>Luego de la frondosa marcha por la inseguridad, el gobernador mantuvo encuentros con Marcos Pe\u00f1a, se vio dos veces con Frigerio \u2014una de ellas fue a solas durante una hora y media\u2014, convers\u00f3 con Patricia Bullrich y tambi\u00e9n intercambio opiniones con el titular de la Ans\u00e9s, Emilio Basavilbaso. Todos estos encuentros en el intermezzo de cara al alumbramiento \u2014o no\u2014 de un \u00abplan superador\u00bb con la Naci\u00f3n en materia de seguridad.<\/p>\n<p>A 14 meses de las elecciones legislativas, lo mejor deber\u00eda estar por venir. Lo que hay no alcanza.<\/p>\n<p>por Mauricio Maronna<\/p>\n<h6>Fuente: La Capital Rosario<\/h6>\n","protected":false},"excerpt":{"rendered":"<p>Claves. A un a\u00f1o de las Paso y a 14 meses de los comicios de mitad de mandato, el gobierno nacional necesita mantener parcelado al peronismo y mejorar la econom\u00eda. Se empiezan a buscar definiciones en Santa Fe.<\/p>\n","protected":false},"author":2,"featured_media":53236,"comment_status":"closed","ping_status":"closed","sticky":false,"template":"","format":"standard","meta":{"footnotes":""},"categories":[6],"tags":[21],"class_list":["post-53235","post","type-post","status-publish","format-standard","has-post-thumbnail","hentry","category-opiniones","tag-argentina"],"_links":{"self":[{"href":"http:\/\/argentinamunicipal.com.ar\/argentina\/wp-json\/wp\/v2\/posts\/53235","targetHints":{"allow":["GET"]}}],"collection":[{"href":"http:\/\/argentinamunicipal.com.ar\/argentina\/wp-json\/wp\/v2\/posts"}],"about":[{"href":"http:\/\/argentinamunicipal.com.ar\/argentina\/wp-json\/wp\/v2\/types\/post"}],"author":[{"embeddable":true,"href":"http:\/\/argentinamunicipal.com.ar\/argentina\/wp-json\/wp\/v2\/users\/2"}],"replies":[{"embeddable":true,"href":"http:\/\/argentinamunicipal.com.ar\/argentina\/wp-json\/wp\/v2\/comments?post=53235"}],"version-history":[{"count":0,"href":"http:\/\/argentinamunicipal.com.ar\/argentina\/wp-json\/wp\/v2\/posts\/53235\/revisions"}],"wp:featuredmedia":[{"embeddable":true,"href":"http:\/\/argentinamunicipal.com.ar\/argentina\/wp-json\/wp\/v2\/media\/53236"}],"wp:attachment":[{"href":"http:\/\/argentinamunicipal.com.ar\/argentina\/wp-json\/wp\/v2\/media?parent=53235"}],"wp:term":[{"taxonomy":"category","embeddable":true,"href":"http:\/\/argentinamunicipal.com.ar\/argentina\/wp-json\/wp\/v2\/categories?post=53235"},{"taxonomy":"post_tag","embeddable":true,"href":"http:\/\/argentinamunicipal.com.ar\/argentina\/wp-json\/wp\/v2\/tags?post=53235"}],"curies":[{"name":"wp","href":"https:\/\/api.w.org\/{rel}","templated":true}]}}