{"id":53271,"date":"2016-09-09T07:22:15","date_gmt":"2016-09-09T10:22:15","guid":{"rendered":"http:\/\/argentinamunicipal.com.ar\/argentina\/?p=53271"},"modified":"2016-09-09T07:22:15","modified_gmt":"2016-09-09T10:22:15","slug":"inversion-millonaria-recuperar-las-calles-la-ciudad-santa-fe","status":"publish","type":"post","link":"http:\/\/argentinamunicipal.com.ar\/argentina\/inversion-millonaria-recuperar-las-calles-la-ciudad-santa-fe\/","title":{"rendered":"Inversi\u00f3n millonaria para recuperar las calles de la ciudad de Santa Fe"},"content":{"rendered":"<p>El intendente Jos\u00e9 Corral asegur\u00f3 que se trata de una inversi\u00f3n de $160 millones. Fue hoy durante la apertura de las ofertas econ\u00f3micas correspondientes a la obra de readecuaci\u00f3n de la infraestructura h\u00eddrica y vial en el cruce de avenida L\u00f3pez y Planes e Iturraspe.<\/p>\n<p>La obra de readecuaci\u00f3n de la infraestructura h\u00eddrica y vial del cruce de avenida L\u00f3pez y Planes e Iturraspe es una de las tareas previstas en el Programa de reconstrucci\u00f3n de la Ciudad. Este jueves por la ma\u00f1ana, el intendente Jos\u00e9 Corral encabez\u00f3 el acto de apertura de sobres con las ofertas econ\u00f3micas correspondientes a licitaci\u00f3n para llevar adelante las tareas de pavimento de hormig\u00f3n, rectificaci\u00f3n de cunetas y construcci\u00f3n de badenes en esta importante intersecci\u00f3n de la zona Oeste de la capital provincial.<br \/>\nCon un plazo de ejecuci\u00f3n de 60 d\u00edas y un presupuesto oficial de $ 1.510.000, dos empresas presentaron sus propuestas para llevar adelante los trabajos. La firma EFE Construcciones ofert\u00f3 concretarlos por la suma de $ 1.480.000, y por su parte la empresa Winkelmann SRL ofreci\u00f3 hacerlo por $ 1.655.197,71.<\/p>\n<p>Los trabajos establecidos en los pliegos apuntan a solucionar de manera definitiva el recurrente problema de acumulaci\u00f3n de los excedentes pluviales sobre la calzada y la permanente rotura de la carpeta asf\u00e1ltica. De esta manera se asegurar\u00e1 la transitabilidad en la confluencia de estas dos arterias vitales para el acceso a distintos puntos de la ciudad, contribuyendo a la vez al ordenamiento urbano y a la seguridad vial.<br \/>\nDurante el acto, que tuvo lugar en la Parroquia San Francisco Solano (Iturraspe 4150), el mandatario local estuvo acompa\u00f1ado por el secretario de Obras P\u00fablicas, Ricardo Alcaraz. Adem\u00e1s participaron la concejal Adriana Molina, y representantes del Solar Barranquitas y de la vecinal Pro Mejoras Barranquitas.<\/p>\n<p><strong>Inversi\u00f3n millonaria<\/strong><br \/>\nTras recordar los meses de r\u00edos altos y lluvias intensas que acelararon la rotura de los pavimentos de las calles de capital provincial, el intendente Jos\u00e9 Corral se\u00f1al\u00f3 que \u00abalgunos lugares cr\u00edticos por la falta de infraestructura y desag\u00fces sufrieron m\u00e1s, como en esta zona las dos esquinas de Iturraspe con Presidente Per\u00f3n, y con L\u00f3pez y Planes. Pero hoy, ya estamos en plena tarea de reconstrucci\u00f3n de la ciudad\u00bb, afirm\u00f3.<br \/>\nEn este sentido indic\u00f3 que \u00abla primera intersecci\u00f3n se repar\u00f3 con los fondos propios con que cuenta el Municipio. Pero como es un lugar de mucho tr\u00e1nsito, ahora estamos priorizando esta de Iturraspe y Lop\u00e9z y Planes, haci\u00e9ndola antes de que comiencen las otras obras de bacheo con la autorizaci\u00f3n que nos dio el Concejo por unos $ 86 millones\u00bb.<br \/>\nCabe se\u00f1alar que el lunes pasado tuvo lugar la primera de las licitaciones, en el marco del endeudamiento autorizado por el Concejo Municipal, para la reparaci\u00f3n calles de pavimento de hormig\u00f3n. \u00abLa semana pr\u00f3xima vamos a abrir otra para pavimentos de asfalto\u00bb, adelant\u00f3 Jos\u00e9 Corral, y subray\u00f3: \u00abEn total estamos invirtiendo unos $ 160 millones, contando los $ 50 millones de la Provincia, lo que significa un esfuerzo importante del presupuesto de este a\u00f1o del municipio\u00bb.<\/p>\n<p><strong>Continuidad y mejoras<\/strong><br \/>\nM\u00e1s adelante y tras recordar distintas intervenciones, como el Jard\u00edn Municipal, la primera etapa de la Costanera de la Reserva, obras de cord\u00f3n cuneta e iluminaci\u00f3n, red agua potable, los desag\u00fces Zenteno y Domingo Silva, entre otras en Barranquitas, el Intendente indic\u00f3 que \u00aben el marco de otras buenas noticias, firmamos ayer un acuerdo con la secretar\u00eda de Vivienda y H\u00e1bitat de la Naci\u00f3n por una inversi\u00f3n de 105 millones de pesos para zona del Oeste de la ciudad\u00bb.<br \/>\nEn esa l\u00ednea, el mandatario sostuvo \u00abestos fondos nos van a permitir terminar el cord\u00f3n cuneta, hacer el pavimento definitivo en las calles troncales y mejorado en el resto, puesta en valor de todo el espacio p\u00fablico -como en este sector de Iturraspe junto al Jard\u00edn y la Parroquia- con una intervenci\u00f3n de calidad para que los vecinos lo puedan disfrutar, adem\u00e1s de otras mejoras, en lo que significa una inversi\u00f3n multimillonaria\u00bb concluy\u00f3.<\/p>\n<p><strong>Soluci\u00f3n definitiva<\/strong><br \/>\nEl secretario de Obras P\u00fablicas, Ricardo Alcar\u00e1z, sostuvo: \u00abA pedido del Intendente hemos hecho un relevamiento donde fuimos tomando las zonas que son de mayor importancia. Una que ten\u00eda una larga data, era esta esquina de L\u00f3pez y Planes, sobre todo el ramal de acceso a Iturraspe\u00bb.<br \/>\nEn ese sentido, el funcionario explic\u00f3 que \u00ablo que se va a ejecutar es la roturaci\u00f3n de aproximadamente 150 metros de cordones, el bad\u00e9n completo que hoy no existe sobre lo que es el cruce de Iturraspe y L\u00f3pez y Planes -mano Oeste-, y se van a colocar dos bocas de tormenta que van conectadas a un desag\u00fce que pasa por el lugar. Esto para que no tengamos m\u00e1s problemas y no quede agua en la esquina\u00bb, detall\u00f3.<br \/>\nFinalmente, indic\u00f3 que si bien la obra demanda 60 d\u00edas de ejecuci\u00f3n, \u00abvamos a tratar de acortar los tiempos para poder habilitarla la m\u00e1s r\u00e1pido posible, porque entendemos la importancia de esta esquina\u00bb. En este sentido, cabe recordar que este cruce resulta un nodo de circulaci\u00f3n utilizado a diario, no s\u00f3lo por quienes ingresan a la ciudad, sino tambi\u00e9n los vecinos de Barranquitas, Fomento 9 de Julio, Uni\u00f3n-Progreso y Libertad de Barranquitas, entre otros barrios.<\/p>\n<p><strong>Detalles<\/strong><br \/>\nEn cuanto a la obra h\u00eddrica, el proyecto establece la colocaci\u00f3n de una ca\u00f1er\u00eda de 0,40 m de di\u00e1metro y como parte de las obras complementarias se ejecutar\u00e1n una boca de tormenta con su acometida para el saneamiento de las cunetas existentes y las conexiones necesarias para la evacuaci\u00f3n final. Asimismo, se efectuar\u00e1 la rectificaci\u00f3n del cord\u00f3n cuneta y badenes. Cabe mencionar, que la boca de tormenta restante \u2013el proyecto prev\u00e9 dos- ser\u00e1 construida por administraci\u00f3n municipal.<br \/>\nEn cuanto a la obra vial, comprende la remoci\u00f3n del pavimento existente en las zonas delimitadas, para luego ejecutar la nueva pavimentaci\u00f3n con hormig\u00f3n de 18 cm de espesor, asentado sobre una cama de arena de 3 cm de espesor m\u00e1ximo. El paquete estructural estar\u00e1 compuesto por una base de suelo arena cemento de 15 cm de espesor sobre el suelo natural escarificado y compactado. Los trabajos incluir\u00e1n cordones de hormig\u00f3n armado y el tomado de las juntas, entre otros.<\/p>\n<h6>Fuente: Uno Santa Fe<\/h6>\n","protected":false},"excerpt":{"rendered":"<p>El intendente Jos\u00e9 Corral asegur\u00f3 que se trata de una inversi\u00f3n de $160 millones. Fue hoy durante la apertura de las ofertas econ\u00f3micas correspondientes a la obra de readecuaci\u00f3n de la infraestructura h\u00eddrica y vial<\/p>\n","protected":false},"author":2,"featured_media":53272,"comment_status":"closed","ping_status":"closed","sticky":false,"template":"","format":"standard","meta":{"footnotes":""},"categories":[2],"tags":[10],"class_list":["post-53271","post","type-post","status-publish","format-standard","has-post-thumbnail","hentry","category-informe-municipal","tag-santa-fe"],"_links":{"self":[{"href":"http:\/\/argentinamunicipal.com.ar\/argentina\/wp-json\/wp\/v2\/posts\/53271","targetHints":{"allow":["GET"]}}],"collection":[{"href":"http:\/\/argentinamunicipal.com.ar\/argentina\/wp-json\/wp\/v2\/posts"}],"about":[{"href":"http:\/\/argentinamunicipal.com.ar\/argentina\/wp-json\/wp\/v2\/types\/post"}],"author":[{"embeddable":true,"href":"http:\/\/argentinamunicipal.com.ar\/argentina\/wp-json\/wp\/v2\/users\/2"}],"replies":[{"embeddable":true,"href":"http:\/\/argentinamunicipal.com.ar\/argentina\/wp-json\/wp\/v2\/comments?post=53271"}],"version-history":[{"count":0,"href":"http:\/\/argentinamunicipal.com.ar\/argentina\/wp-json\/wp\/v2\/posts\/53271\/revisions"}],"wp:featuredmedia":[{"embeddable":true,"href":"http:\/\/argentinamunicipal.com.ar\/argentina\/wp-json\/wp\/v2\/media\/53272"}],"wp:attachment":[{"href":"http:\/\/argentinamunicipal.com.ar\/argentina\/wp-json\/wp\/v2\/media?parent=53271"}],"wp:term":[{"taxonomy":"category","embeddable":true,"href":"http:\/\/argentinamunicipal.com.ar\/argentina\/wp-json\/wp\/v2\/categories?post=53271"},{"taxonomy":"post_tag","embeddable":true,"href":"http:\/\/argentinamunicipal.com.ar\/argentina\/wp-json\/wp\/v2\/tags?post=53271"}],"curies":[{"name":"wp","href":"https:\/\/api.w.org\/{rel}","templated":true}]}}