{"id":53274,"date":"2016-09-09T07:27:14","date_gmt":"2016-09-09T10:27:14","guid":{"rendered":"http:\/\/argentinamunicipal.com.ar\/argentina\/?p=53274"},"modified":"2016-09-09T07:27:14","modified_gmt":"2016-09-09T10:27:14","slug":"otra-vez-una-multitud-marcho-rosario-seguridad-justicia","status":"publish","type":"post","link":"http:\/\/argentinamunicipal.com.ar\/argentina\/otra-vez-una-multitud-marcho-rosario-seguridad-justicia\/","title":{"rendered":"Otra vez una multitud march\u00f3 en Rosario por seguridad y justicia"},"content":{"rendered":"<p>Encabezados por familiares de v\u00edctimas, reclamaron a los tres poderes del Estado cambios urgentes en la provincia<\/p>\n<p>Como hace dos semanas, una multitud volvi\u00f3 a marchar anoche en Rosario en reclamo de seguridad y justicia. Una manifestaci\u00f3n contundente de hartazgo social frente a la ola de violencia que vive la ciudad, por segunda vez en una quincena. Todo un dato. Otra vez miles de rosarinos se concentraron en Tribunales y se movilizaron hasta la delegaci\u00f3n local de la Gobernaci\u00f3n, donde interpelaron a los tres poderes del Estado por la creciente inseguridad. Esta vez se not\u00f3 m\u00e1s bronca y menos paciencia con las autoridades provinciales a lo largo de una manifestaci\u00f3n m\u00e1s atomizada, encabezada por familiares de v\u00edctimas.<\/p>\n<p>La de anoche fue otra marcha masiva, apenas algo menos multitudinaria que la del 25 de agosto pasado. Por la cercan\u00eda temporal con la anterior movilizaci\u00f3n y sin que medie un hecho conmocionante se convirti\u00f3 en una victoria pol\u00edtica para los organizadores, familiares de v\u00edctimas y los miles de ciudadanos an\u00f3nimos que volvieron a copar el centro de la ciudad.<\/p>\n<p>Bajo la consigna \u00abRosario Sangra\u00bb, miles de vecinos se fueron sumando silenciosamente y en paz a la convocatoria. Lo hicieron de a poco, tanto que a las 19.30, el horario de inicio de la concentraci\u00f3n, se notaba bastante menos gente que dos semanas atr\u00e1s.<\/p>\n<p>En cada esquina, en cada intersecci\u00f3n, la columna de la protesta se iba engrosando. Aplausos, sirenas de meg\u00e1fonos y dos pedidos concretos se escuchaban en el caminar de la multitud: seguridad y justicia, en ese orden.<\/p>\n<p>\u00abDe pie, de pie, Rosario y Santa Fe\u00bb, cantaban algunos buscando sumar al resto de la provincia en el reclamo. \u00abCuidado, cuidado, el pueblo est\u00e1 enojado\u00bb, planteaban otros en tono de advertencia.<\/p>\n<p>La marcha estuvo repleta de afiches, pancartas y remeras con los rostros de cientos de v\u00edctimas de la inseguridad, fallecidos en los \u00faltimos a\u00f1os en Rosario. Im\u00e1genes sostenidas por sus familiares, llenos de angustia por la p\u00e9rdida irreparable y el poco avance de las investigaciones judiciales.<\/p>\n<p>En la primera l\u00ednea de la movilizaci\u00f3n se ubicaron familiares de Leonel Iv\u00e1n Mafud, un muchacho de 26 a\u00f1os asesinado a tiros tras una oscura persecuci\u00f3n de la que participaron varios patrulleros del Comando Radioel\u00e9ctrico.<\/p>\n<p>Aquel crimen, que tiene siete polic\u00edas imputados, ocurri\u00f3 justo el 8 de septiembre de hace dos a\u00f1os atr\u00e1s. \u00abEs muy especial para nosotros que coincida la marcha con el segundo aniversario del asesinato de Iv\u00e1n, un claro caso de gatillo f\u00e1cil\u00bb, dijeron.<\/p>\n<p>En el recorrido, desde los balcones, en las esquinas bajaba adhesi\u00f3n de los rosarinos al reclamo. Esta vez ya no era sorpresa como hace dos semanas atr\u00e1s. M\u00e1s bien la confirmaci\u00f3n del hast\u00edo colectivo.<\/p>\n<p>Al llegar a la plaza San Mart\u00edn ya hab\u00eda cientos de rosarinos esperando. Muchos tacheros, que esta vez esperaron frente a Gobernaci\u00f3n a las columnas que marcharon por calle Moreno.<\/p>\n<p>En las escalinatas de la ex Jefatura se ubicaron los familiares de las v\u00edctimas. Algunos gritaban los nombres de los fallecidos que eran acompa\u00f1ados de un sentido \u00abpresente\u00bb.<\/p>\n<p>M\u00e1s atomizada que la concentraci\u00f3n de fin de agosto, esta vez no hubo discursos que se sucedieron sino que abundaron los meg\u00e1fonos con oradores desorganizados.<\/p>\n<p>\u00ab\u00bfPullaro d\u00f3nde est\u00e1? \u00ab\u00bfY Lifschitz d\u00f3nde est\u00e1?\u00bb, preguntaban algunos cantando en alusi\u00f3n al ministro de Seguridad y al gobernador de la provincia. La respuesta fue un fort\u00edsimo \u00abque se vayan\u00bb, que denot\u00f3 una notoria falta de paciencia con las autoridades provinciales.<\/p>\n<p>Entrada la noche, en medio de las c\u00e1maras de los canales de cable y televisi\u00f3n abierta porte\u00f1a que esta vez le dieron cobertura nacional al acontecimiento, las familias empezaron a desconcentrarse.<\/p>\n<p>Hubo momentos aislados de tensi\u00f3n cuando unos pocos familiares de v\u00edctimas intentaron ingresar con cierta violencia al edificio. Pero la multitud los contuvo.<\/p>\n<h6>Fuente: La Capital Rosario<\/h6>\n","protected":false},"excerpt":{"rendered":"<p>Encabezados por familiares de v\u00edctimas, reclamaron a los tres poderes del Estado cambios urgentes en la provincia<\/p>\n","protected":false},"author":2,"featured_media":53275,"comment_status":"closed","ping_status":"closed","sticky":false,"template":"","format":"standard","meta":{"footnotes":""},"categories":[2],"tags":[10],"class_list":["post-53274","post","type-post","status-publish","format-standard","has-post-thumbnail","hentry","category-informe-municipal","tag-santa-fe"],"_links":{"self":[{"href":"http:\/\/argentinamunicipal.com.ar\/argentina\/wp-json\/wp\/v2\/posts\/53274","targetHints":{"allow":["GET"]}}],"collection":[{"href":"http:\/\/argentinamunicipal.com.ar\/argentina\/wp-json\/wp\/v2\/posts"}],"about":[{"href":"http:\/\/argentinamunicipal.com.ar\/argentina\/wp-json\/wp\/v2\/types\/post"}],"author":[{"embeddable":true,"href":"http:\/\/argentinamunicipal.com.ar\/argentina\/wp-json\/wp\/v2\/users\/2"}],"replies":[{"embeddable":true,"href":"http:\/\/argentinamunicipal.com.ar\/argentina\/wp-json\/wp\/v2\/comments?post=53274"}],"version-history":[{"count":0,"href":"http:\/\/argentinamunicipal.com.ar\/argentina\/wp-json\/wp\/v2\/posts\/53274\/revisions"}],"wp:featuredmedia":[{"embeddable":true,"href":"http:\/\/argentinamunicipal.com.ar\/argentina\/wp-json\/wp\/v2\/media\/53275"}],"wp:attachment":[{"href":"http:\/\/argentinamunicipal.com.ar\/argentina\/wp-json\/wp\/v2\/media?parent=53274"}],"wp:term":[{"taxonomy":"category","embeddable":true,"href":"http:\/\/argentinamunicipal.com.ar\/argentina\/wp-json\/wp\/v2\/categories?post=53274"},{"taxonomy":"post_tag","embeddable":true,"href":"http:\/\/argentinamunicipal.com.ar\/argentina\/wp-json\/wp\/v2\/tags?post=53274"}],"curies":[{"name":"wp","href":"https:\/\/api.w.org\/{rel}","templated":true}]}}