{"id":53286,"date":"2016-09-09T07:36:32","date_gmt":"2016-09-09T10:36:32","guid":{"rendered":"http:\/\/argentinamunicipal.com.ar\/argentina\/?p=53286"},"modified":"2016-09-09T07:36:32","modified_gmt":"2016-09-09T10:36:32","slug":"la-cgt-vez-mas-cerca-del-paro","status":"publish","type":"post","link":"http:\/\/argentinamunicipal.com.ar\/argentina\/la-cgt-vez-mas-cerca-del-paro\/","title":{"rendered":"La CGT cada vez m\u00e1s cerca del paro"},"content":{"rendered":"<p>La convocatoria a la medida de fuerza se definir\u00e1 el pr\u00f3ximo 23 de septiembre y se realizar\u00eda en la primera quincena de octubre.<\/p>\n<p>Lo que hasta aqu\u00ed los principales dirigentes de la CGT dejaron entrever en sus declaraciones de los \u00faltimos d\u00edas qued\u00f3 claramente a la vista ayer al cabo de la reuni\u00f3n del Comit\u00e9 Directivo de la central sindical: la convocatoria al paro es s\u00f3lo una cuesti\u00f3n de tiempo. \u201cDel tiempo que necesitamos para concientizar a la sociedad sobre el por qu\u00e9 de la acci\u00f3n directa\u201d, explic\u00f3 a P\u00e1gina\/12, uno de los sindicalistas que particip\u00f3 del encuentro. All\u00ed se analiz\u00f3 la situaci\u00f3n y hubo consenso en torno a que en la reuni\u00f3n del Comit\u00e9 Central Confederal del pr\u00f3ximo 23 de septiembre se apruebe la convocatoria a una medida de fuerza y que luego la conducci\u00f3n cegetista ponga la fecha en que se llevar\u00e1 a cabo.<\/p>\n<p>\u201cNos encontramos ante un panorama por dem\u00e1s complicado\u201d, dijo H\u00e9ctor Daer al t\u00e9rmino del encuentro de ayer y agreg\u00f3: \u201cNo vemos posibilidades concretas que esto se revierta en el corto y el mediano plazo\u201d. Antes del encuentro Juan Carlos Schmid, uno de sus compa\u00f1eros en el triunvirato que conduce la CGT, hab\u00eda advertido que la \u201csituaci\u00f3n es muy compleja, principalmente en los cordones industriales, con ca\u00edda de la actividad econ\u00f3mica, con retracci\u00f3n del consumo y persistencia de la inflaci\u00f3n\u201d y que \u201cal un\u00edsono\u201d casi todos los gremios est\u00e1n reclamando medidas de fuerza.<\/p>\n<p>La posici\u00f3n a favor plantarse con m\u00e1s dureza frente al Gobierno qued\u00f3 expresada en la reuni\u00f3n del Consejo Directivo, que dur\u00f3 m\u00e1s de cuatro horas. Los sindicalistas presentes fueron dando su parecer sobre la situaci\u00f3n y la idea que prim\u00f3 es \u2013seg\u00fan confi\u00f3 uno de ellos\u2013 que \u201cas\u00ed como va la cosa una medida de fuerza es inevitable\u201d.<\/p>\n<p>La conducci\u00f3n de la CGT acompa\u00f1ada por titulares de varios gremios se reuni\u00f3 el viernes pasado con funcionarios nacionales, a quienes les hicieron planteos por la inflaci\u00f3n, la suba de tarifas, la ca\u00edda de la actividad industrial y del empleo, la apertura de las importaciones y la situaci\u00f3n de jubilados y beneficiarios de planes sociales. Adem\u00e1s les reiteraron el pedido de modificaci\u00f3n del Impuesto a las Ganancias y cuestionaron los cambios en la ley de ART y el proyecto de ley de empleo joven que impulsa la Casa Rosada. La CGT ve en esa iniciativa un primer paso hacia la flexibilizaci\u00f3n laboral y Schmid la defini\u00f3 ayer como \u201cuna amenaza sobre las actuales condiciones de trabajo de muchos compa\u00f1eros\u201d.<\/p>\n<p>A la salida de esa reuni\u00f3n, el mismo Schmid reconoci\u00f3 que no tuvo \u201cresultados concretos\u201d. Esa impresi\u00f3n no vari\u00f3 desde entonces y en el medio hubo, adem\u00e1s, dos hechos significativos: la masiva Marcha Federal convocada por las dos CTA contra las pol\u00edticas de Macri, en la que se llam\u00f3 a todas las centrales a confluir en un paro nacional, y el encuentro de la CGT con movimientos sociales, que tambi\u00e9n promueven un plan de lucha contra el ajuste.<\/p>\n<p>\u201cEl Gobierno no da respuestas y no parece que vaya a darlas. Todos sabemos c\u00f3mo termina la cosa, el tema es cu\u00e1ndo\u201d, fue la s\u00edntesis de un dirigente de un gremio de peso de la reuni\u00f3n del Consejo Directivo, donde se habl\u00f3 de que el pr\u00f3ximo 23 de septiembre se definir\u00e1 una medida de fuerza y se facultar\u00e1 a la conducci\u00f3n de la central a decidir el mejor momento para realizarla. \u201cAl Gobierno hay que darle unos cuarenta d\u00edas\u201d, se dijo ayer en la CGT. La cuenta da entonces alg\u00fan d\u00eda de la primera quincena de octubre.<\/p>\n<p>La dirigencia de la CGT se dar\u00e1 tiempo hasta entonces para avanzar en su estrategia de acumular capital pol\u00edtico. Para eso se reuni\u00f3 anteayer con movimientos sociales y la semana anterior con senadores del PJ. El pr\u00f3ximo lunes a intendentes peronistas del conurbano y el mi\u00e9rcoles ver\u00e1 a representantes de la Iglesia. Adem\u00e1s, prepara encuentros con gobernadores del PJ e intendentes de otros distritos y volver\u00e1 a reunirse con funcionarios nacionales en busca de respuestas a sus demandas. El viernes que viene dirigentes de gremios industriales ser\u00e1n recibidos por el ministro de Producci\u00f3n, Francisco Cabrera, y tambi\u00e9n est\u00e1 prevista una charla sobre los cambios en Ganancias con el ministro de Econom\u00eda, Alfonso Prat-Gay.<\/p>\n<h6>Fuente: P\u00e1gina 12<\/h6>\n","protected":false},"excerpt":{"rendered":"<p>La convocatoria a la medida de fuerza se definir\u00e1 el pr\u00f3ximo 23 de septiembre y se realizar\u00eda en la primera quincena de octubre.<\/p>\n","protected":false},"author":2,"featured_media":53287,"comment_status":"closed","ping_status":"closed","sticky":false,"template":"","format":"standard","meta":{"footnotes":""},"categories":[8],"tags":[21],"class_list":["post-53286","post","type-post","status-publish","format-standard","has-post-thumbnail","hentry","category-informe-nacional","tag-argentina"],"_links":{"self":[{"href":"http:\/\/argentinamunicipal.com.ar\/argentina\/wp-json\/wp\/v2\/posts\/53286","targetHints":{"allow":["GET"]}}],"collection":[{"href":"http:\/\/argentinamunicipal.com.ar\/argentina\/wp-json\/wp\/v2\/posts"}],"about":[{"href":"http:\/\/argentinamunicipal.com.ar\/argentina\/wp-json\/wp\/v2\/types\/post"}],"author":[{"embeddable":true,"href":"http:\/\/argentinamunicipal.com.ar\/argentina\/wp-json\/wp\/v2\/users\/2"}],"replies":[{"embeddable":true,"href":"http:\/\/argentinamunicipal.com.ar\/argentina\/wp-json\/wp\/v2\/comments?post=53286"}],"version-history":[{"count":0,"href":"http:\/\/argentinamunicipal.com.ar\/argentina\/wp-json\/wp\/v2\/posts\/53286\/revisions"}],"wp:featuredmedia":[{"embeddable":true,"href":"http:\/\/argentinamunicipal.com.ar\/argentina\/wp-json\/wp\/v2\/media\/53287"}],"wp:attachment":[{"href":"http:\/\/argentinamunicipal.com.ar\/argentina\/wp-json\/wp\/v2\/media?parent=53286"}],"wp:term":[{"taxonomy":"category","embeddable":true,"href":"http:\/\/argentinamunicipal.com.ar\/argentina\/wp-json\/wp\/v2\/categories?post=53286"},{"taxonomy":"post_tag","embeddable":true,"href":"http:\/\/argentinamunicipal.com.ar\/argentina\/wp-json\/wp\/v2\/tags?post=53286"}],"curies":[{"name":"wp","href":"https:\/\/api.w.org\/{rel}","templated":true}]}}