{"id":53310,"date":"2016-09-09T08:12:41","date_gmt":"2016-09-09T11:12:41","guid":{"rendered":"http:\/\/argentinamunicipal.com.ar\/argentina\/?p=53310"},"modified":"2016-09-09T08:12:41","modified_gmt":"2016-09-09T11:12:41","slug":"pepe-mujica-sabio-reflexivo-tuvo-amplio-auditorio-rosario","status":"publish","type":"post","link":"http:\/\/argentinamunicipal.com.ar\/argentina\/pepe-mujica-sabio-reflexivo-tuvo-amplio-auditorio-rosario\/","title":{"rendered":"Un \u00abPepe\u00bb Mujica sabio y reflexivo tuvo un amplio auditorio en Rosario"},"content":{"rendered":"<p>Invitado por cooperativistas y la universidad, el ex presidente uruguayo despleg\u00f3 su conocidas dotes coloquiales.<\/p>\n<p>Jos\u00e9 \u00abPepe\u00bb Mujica vino a Rosario y no pas\u00f3 inadvertido. El ex presidente uruguayo y figura m\u00e1s famosa del Frente Amplio comenz\u00f3 a \u00abdar t\u00edtulos\u00bb apenas lleg\u00f3 a la ciudad, al comentar a los movileros que \u00ablos argentinos son tercos, como ni\u00f1os\u00bb. Pero el plato fuerte vino por la tarde, cuando fue el invitado estelar de un seminario de la Federaci\u00f3n de Cooperativas Federadas. En la sede de la Asociaci\u00f3n Empresaria, y en un clima de desordenada euforia, Mujica dio una conferencia de prensa y luego habl\u00f3 para el p\u00fablico que ocupaba por completo el sal\u00f3n principal.<\/p>\n<p>El celebrado visitante se present\u00f3 como \u00abun analista de la desigualdad\u00bb que \u00abpelea por los valores permanentes\u00bb. Se mantuvo en este plano general cada vez que los periodistas le preguntaron por la realidad argentina y el gobierno de Mauricio Macri.<\/p>\n<p>Parece que el veterano fundador y jefe del Movimiento de Participaci\u00f3n Popular (MPP) ha optado en su vejez \u2014ya ha superado los 80 a\u00f1os\u2014 por acentuar su conocido tono filos\u00f3fico, como cuando esgrime como categor\u00eda explicativa central las cualidades y defectos del \u00abHombre\u00bb. La usa para legitimar, por ejemplo, el moderno cooperativismo de sus anfitriones. Recurre a la antropolog\u00eda y la historia de la especie, gregaria y colaborativa desde los tiempos de las cavernas, seg\u00fan afirma. Por momentos, Mujica parece el \u00abviejo Vizcacha\u00bb de la izquierda rioplatense. El p\u00fablico de las cooperativas federadas no se cans\u00f3 de aplaudirlo y ovacionarlo, espoleado por un presentador sobreexcitado. Alguno hasta le grit\u00f3 \u00ab\u00a1comandante!\u00bb, como si se tratara de un congreso de las Farc y no de productores rurales.<\/p>\n<p>Poco antes, en la conferencia de prensa, el invitado hizo una improvisada introducci\u00f3n. \u00abHay que aprender de los errores cometidos para tratar de no volver a cometerlos, y tratar de ser novedosos, de cometer errores nuevos\u00bb, brome\u00f3 a medias. \u00abEstoy ac\u00e1 porque me dijeron que hab\u00eda un encuentro de cooperativistas. Nuestros abuelos tra\u00edan en sus maletas el sentido de cooperativa. De hecho, en su pobreza viv\u00edan en cooperativas. Se reun\u00edan para la cosecha, para carnear un chancho. La solidaridad era la defensa de los pobres. En los tiempos modernos hemos perdido eso, pero tenemos que luchar por recuperar alguna cosa de aquellas. No volver\u00e1 el tiempo antiguo, pero s\u00ed es importante pelear por valores que son permanentes\u00bb, enhebr\u00f3 el ex presidente y actual senador.<\/p>\n<p>Cuando se le pidi\u00f3 su \u00abmirada ante el cambio de gobierno en nuestro pa\u00eds\u00bb, Mujica se escud\u00f3: \u00abSoy uruguayo, vivo en una esquina peque\u00f1a. Es un algod\u00f3n entre dos cristales, un pa\u00eds hijo de una convenci\u00f3n cuya garant\u00eda fue Gran Breta\u00f1a, no se olvide. Hay que conocer un poco de Historia. Es muy importante lo que pasa en la Argentina. Cuando anda bien, nosotros tambi\u00e9n, cuando se resfr\u00eda, nosotros nos engripamos. Por esto tengo que tener la bonhom\u00eda de respetar a quienes est\u00e9n en el gobierno argentino, porque no tengo que trasladarles antipat\u00edas a quienes est\u00e1n en nuestro gobierno. Desde luego, todos saben que he gastado una parte importante de mi vida en tratar de cultivar la solidaridad. No puedo renunciar a lo que pienso. Pero el pueblo argentino se dio un gobierno y le corresponde al pueblo argentino (seguir) el rumbo de ese gobierno. Al fin y al cabo los \u00fanicos que tienen derecho a equivocarse son los pueblos, porque son los que pagan el costo. Deseo que le vaya lo mejor posible al pueblo argentino. Si el gobierno es m\u00e1s de derecha, m\u00e1s de centro, eso es un problema de los argentinos, tendr\u00e1n que resolverlo ellos. Me siento perteneciente a una patria com\u00fan, y tenemos una deuda sin saldar con los libertadores que es la creaci\u00f3n una naci\u00f3n com\u00fan, construir un paragolpes que nos represente en el mundo y nos d\u00e9 estatura mundial. Atomizados de a uno no somos nada en el mundo de hoy. No puede ser que cuando tenemos que pleitear con una empresa extranjera tenemos que ir a Nueva York. Y como esto, tantas otras cosas. Sobre el Mercosur, ojo con tirar el chico con el agua sucia. Los defectos del Mercosur significan que tenemos que mejorarlo, no tirarlo a la basura\u00bb.<\/p>\n<p>Las preguntas eran cambiantes, no segu\u00edan un eje ni ten\u00edan mucha hilaci\u00f3n. As\u00ed, el siguiente periodista le pregunt\u00f3 si no ve\u00eda el riesgo de un rebrote de violencia \u00abcomo hubo en otras \u00e9pocas\u00bb a partir de la creciente confrontaci\u00f3n que existe en Am\u00e9rica latina. Silencio prolongado del interpelado. \u00abSi fuera futur\u00f3logo me dedicar\u00eda a timbear (risas). No creo que los tiempos que pasaron vuelvan, as\u00ed de simple. Salvo que nos demos un ba\u00f1o en idiotismo\u00bb, contest\u00f3. Porque \u00abel devenir humano es un devenir permanente entre el ego\u00edsmo relativamente creador que impulsa la multiplicaci\u00f3n de la riqueza y la necesidad de ser solidario, de repartir. Esta es la lucha eterna que tiene el Hombre entre creaci\u00f3n de riqueza y distribuci\u00f3n, es lo que llamamos izquierda y derecha; lo \u00fanico novedoso son estos t\u00e9rminos, que arrancan con la Revoluci\u00f3n Francesa, pero yo creo que la Historia humana es esto\u00bb. Mujica resalta: lo conservador \u00abno es siempre fascismo, lucha por la multiplicaci\u00f3n de los panes&#8230; esencialmente para uno o para pocos. Pero hay que reconocerle que ha multiplicado la capacidad creativa del Hombre. No existe por casualidad, nos ha legado este adelanto tecnol\u00f3gico, hoy vivimos 40 a\u00f1os en promedio m\u00e1s. Pero (el mercado) reparte mal, y ah\u00ed viene el problema. Por eso el p\u00e9ndulo va a seguir. Si el G-20 se preocupa por la desigualdad, \u00a1c\u00f3mo ser\u00e1 la ca\u00f1ada! (risas). Tan errados no andamos\u00bb.<\/p>\n<p>Un discurso no muy lejano a este en sus ejes principales dio minutos despu\u00e9s en el amplio sal\u00f3n de la planta baja. Dedic\u00f3 largos pasajes centrado a legitimar el moderno cooperativismo de los anfitriones con la tarea colectiva y cooperativa del hombre prehist\u00f3rico, algo inscripto en \u00abnuestro disco duro\u00bb. Como todo uruguayo, Mujica usa el \u00abvos\u00bb pero no desecha el \u00abt\u00fa\u00bb ni el \u00abti\u00bb en su discurso, por momentos atravesado por un tono de homil\u00eda laica o de gur\u00fa oriental en versi\u00f3n rioplatense (\u00abEl tiempo de vida no se compra, ese tiempo es para ti la cosa m\u00e1s importante, trata de usarlo para vivir, no para vegetar\u00bb). Tambi\u00e9n tuvo tiempo para defender su iniciativa de legalizaci\u00f3n de la marihuana. \u00abNo s\u00e9 que hay que hacer en Argentina. Pero tenemos que cambiar de estrategia porque lo que vinimos haciendo no da resultado. No hago apolog\u00eda de la droga. Es poner en una balanza qu\u00e9 es peor, si el narcotr\u00e1fico o la droga. Para m\u00ed es el narcotr\u00e1fico; la droga es un problema medicinal, grave, jodido. Ninguna adicci\u00f3n es buena\u00bb. \u00abPepe\u00bb Mujica seguir\u00e1 hoy con su intensa actividad en Rosario (ver aparte).<\/p>\n<h6>Fuente: La Capital Rosario<\/h6>\n","protected":false},"excerpt":{"rendered":"<p>Invitado por cooperativistas y la universidad, el ex presidente uruguayo despleg\u00f3 su conocidas dotes coloquiales.<\/p>\n","protected":false},"author":2,"featured_media":53311,"comment_status":"closed","ping_status":"closed","sticky":false,"template":"","format":"standard","meta":{"footnotes":""},"categories":[2],"tags":[10],"class_list":["post-53310","post","type-post","status-publish","format-standard","has-post-thumbnail","hentry","category-informe-municipal","tag-santa-fe"],"_links":{"self":[{"href":"http:\/\/argentinamunicipal.com.ar\/argentina\/wp-json\/wp\/v2\/posts\/53310","targetHints":{"allow":["GET"]}}],"collection":[{"href":"http:\/\/argentinamunicipal.com.ar\/argentina\/wp-json\/wp\/v2\/posts"}],"about":[{"href":"http:\/\/argentinamunicipal.com.ar\/argentina\/wp-json\/wp\/v2\/types\/post"}],"author":[{"embeddable":true,"href":"http:\/\/argentinamunicipal.com.ar\/argentina\/wp-json\/wp\/v2\/users\/2"}],"replies":[{"embeddable":true,"href":"http:\/\/argentinamunicipal.com.ar\/argentina\/wp-json\/wp\/v2\/comments?post=53310"}],"version-history":[{"count":0,"href":"http:\/\/argentinamunicipal.com.ar\/argentina\/wp-json\/wp\/v2\/posts\/53310\/revisions"}],"wp:featuredmedia":[{"embeddable":true,"href":"http:\/\/argentinamunicipal.com.ar\/argentina\/wp-json\/wp\/v2\/media\/53311"}],"wp:attachment":[{"href":"http:\/\/argentinamunicipal.com.ar\/argentina\/wp-json\/wp\/v2\/media?parent=53310"}],"wp:term":[{"taxonomy":"category","embeddable":true,"href":"http:\/\/argentinamunicipal.com.ar\/argentina\/wp-json\/wp\/v2\/categories?post=53310"},{"taxonomy":"post_tag","embeddable":true,"href":"http:\/\/argentinamunicipal.com.ar\/argentina\/wp-json\/wp\/v2\/tags?post=53310"}],"curies":[{"name":"wp","href":"https:\/\/api.w.org\/{rel}","templated":true}]}}