{"id":53341,"date":"2016-09-12T07:03:30","date_gmt":"2016-09-12T10:03:30","guid":{"rendered":"http:\/\/argentinamunicipal.com.ar\/argentina\/?p=53341"},"modified":"2016-09-12T07:03:30","modified_gmt":"2016-09-12T10:03:30","slug":"santa-fe-herramienta-fundamental-los-municipios-las-comunas","status":"publish","type":"post","link":"http:\/\/argentinamunicipal.com.ar\/argentina\/santa-fe-herramienta-fundamental-los-municipios-las-comunas\/","title":{"rendered":"Santa Fe: \u201cHerramienta fundamental para los municipios y las comunas\u201d"},"content":{"rendered":"<p>As\u00ed lo consider\u00f3 el diputado provincial Omar Mart\u00ednez, al referirse a que es Ley el Programa que facilitar\u00e1 la adquisici\u00f3n de bienes de capital a gobiernos locales. \u201cDesde la Legislatura le devolvemos al Ejecutivo una herramienta vital para que las comunas y municipios puedan estar dotados correctamente de maquinarias, herramientas, rodados y bienes de uso\u201d.<\/p>\n<p>En la \u00faltima sesi\u00f3n de la C\u00e1mara de Diputados, el cuerpo legislativo convirti\u00f3 en ley el proyecto de creaci\u00f3n del Programa \u201cEquipar Santa Fe\u201d. La idea original hab\u00eda sido presentada a la Legislatura por el Poder Ejecutivo en marzo pasado.<br \/>\nEl diputado Omar Mart\u00ednez (PS-FPCyS), ex presidente comunal de Humberto Primo, destac\u00f3 en el recinto: \u201cdesde hace muchos a\u00f1os los gobiernos locales tienen la necesidad de mejorar sus equipamientos: herramientas, maquinarias, rodados o cualquier bien de uso que pueda servirle para solucionar las necesidades que le plantea el vecino. Yo he sido presidente comunal -como varios miembros de esta c\u00e1mara o del senado- y conozco el trabajo que realiza la autoridad de un pueblo o de una ciudad. Una labor caracterizada por la cercan\u00eda con la necesidad del vecino. Esta herramienta brinda una posibilidad de dar respuestas a esa demanda brindando la posibilidad de financiamiento\u201d.<\/p>\n<p>El Programa consiste en la compra centralizada y a escala del equipamiento por parte del Estado Provincial y su posterior adjudicaci\u00f3n a los Municipios y Comunas adheridos. Esto permitir\u00e1 disminuir el precio que se reflejar\u00e1 en el abaratamiento de costos propios de una compra global<\/p>\n<p>\u201cEsta herramienta permite al municipio o comuna -continu\u00f3 Mart\u00ednez-, por medio del ministerio de Econom\u00eda y del gobierno provincial, tener un plazo de devoluci\u00f3n interesante: para las comunas de tres miembros, 72 meses; para las de 5, 60 y para municipios de primera y segunda categor\u00eda de 24 meses. Con una tasa que es muy baja y accesible\u201d.<\/p>\n<p>Como corolario, \u201cEQUIPAR Santa Fe\u201d potenciar\u00e1 y tendr\u00e1 un impacto en las econom\u00edas locales y regionales con la dinamizaci\u00f3n de ciertas actividades econ\u00f3micas, productora o comercializadora de los bienes a adquirir<\/p>\n<p><strong>Comisi\u00f3n de Seguimiento<\/strong><br \/>\nEl legislador subray\u00f3 que \u201cel proyecto aprobado, al igual que con la Ley de Obras Menores, permite la creaci\u00f3n de una comisi\u00f3n de seguimiento integrada por tres senadores, tres diputados y 6 miembros elegidos por el Ejecutivo.<br \/>\nPara finalizar, Omar Mart\u00ednez sintetiz\u00f3 \u201cson innumerables las posibilidades que tendr\u00e1n los municipios y comunas. Desde la Legislatura le devolvemos al Ejecutivo una herramienta vital para que las comunas y municipios puedan estar dotados correctamente de maquinarias, herramientas, rodados y bienes de uso\u201d.<\/p>\n<h6>Fuente: La Opini\u00f3n<\/h6>\n","protected":false},"excerpt":{"rendered":"<p>As\u00ed lo consider\u00f3 el diputado provincial Omar Mart\u00ednez, al referirse a que es Ley el Programa que facilitar\u00e1 la adquisici\u00f3n de bienes de capital a gobiernos locales. <\/p>\n","protected":false},"author":2,"featured_media":53342,"comment_status":"closed","ping_status":"closed","sticky":false,"template":"","format":"standard","meta":{"footnotes":""},"categories":[2],"tags":[10],"class_list":["post-53341","post","type-post","status-publish","format-standard","has-post-thumbnail","hentry","category-informe-municipal","tag-santa-fe"],"_links":{"self":[{"href":"http:\/\/argentinamunicipal.com.ar\/argentina\/wp-json\/wp\/v2\/posts\/53341","targetHints":{"allow":["GET"]}}],"collection":[{"href":"http:\/\/argentinamunicipal.com.ar\/argentina\/wp-json\/wp\/v2\/posts"}],"about":[{"href":"http:\/\/argentinamunicipal.com.ar\/argentina\/wp-json\/wp\/v2\/types\/post"}],"author":[{"embeddable":true,"href":"http:\/\/argentinamunicipal.com.ar\/argentina\/wp-json\/wp\/v2\/users\/2"}],"replies":[{"embeddable":true,"href":"http:\/\/argentinamunicipal.com.ar\/argentina\/wp-json\/wp\/v2\/comments?post=53341"}],"version-history":[{"count":0,"href":"http:\/\/argentinamunicipal.com.ar\/argentina\/wp-json\/wp\/v2\/posts\/53341\/revisions"}],"wp:featuredmedia":[{"embeddable":true,"href":"http:\/\/argentinamunicipal.com.ar\/argentina\/wp-json\/wp\/v2\/media\/53342"}],"wp:attachment":[{"href":"http:\/\/argentinamunicipal.com.ar\/argentina\/wp-json\/wp\/v2\/media?parent=53341"}],"wp:term":[{"taxonomy":"category","embeddable":true,"href":"http:\/\/argentinamunicipal.com.ar\/argentina\/wp-json\/wp\/v2\/categories?post=53341"},{"taxonomy":"post_tag","embeddable":true,"href":"http:\/\/argentinamunicipal.com.ar\/argentina\/wp-json\/wp\/v2\/tags?post=53341"}],"curies":[{"name":"wp","href":"https:\/\/api.w.org\/{rel}","templated":true}]}}