{"id":53344,"date":"2016-09-12T07:06:25","date_gmt":"2016-09-12T10:06:25","guid":{"rendered":"http:\/\/argentinamunicipal.com.ar\/argentina\/?p=53344"},"modified":"2016-09-12T07:06:25","modified_gmt":"2016-09-12T10:06:25","slug":"presentan-programa-santa-fe-recolectores-informales-basura","status":"publish","type":"post","link":"http:\/\/argentinamunicipal.com.ar\/argentina\/presentan-programa-santa-fe-recolectores-informales-basura\/","title":{"rendered":"Presentan programa en Santa Fe para recolectores informales de basura"},"content":{"rendered":"<p>Se trata de una iniciativa que busca brindar alternativas laborales, capacitaci\u00f3n e inclusi\u00f3n social a las familias que viven de la basura.<\/p>\n<p>El intendente Jos\u00e9 Corral presentar\u00e1 este lunes el programa Ciudad Inclusiva: Inclusi\u00f3n de Recolectores Urbanos Informales. Se trata de una iniciativa del Gobierno de la Ciudad que, a partir de un abordaje integral de la problem\u00e1tica, apunta a brindar diferentes oportunidades laborales y mejorar la calidad de vida de las familias santafesinas que actualmente viven de la recolecci\u00f3n informal de residuos. Las acciones incluidas en este programa buscan, adem\u00e1s, solucionar los problemas ambientales y sanitarios del entorno de estas familias, as\u00ed como la formaci\u00f3n de microbasurales y la obstrucci\u00f3n de desag\u00fces que genera esta actividad.<\/p>\n<p>El programa se suma a las acciones ya puestas en marcha, a partir de la ordenanza que regula los grandes generadores de basura y crea la figura de los transportistas B, en cuyo marco varios carreros han transformado su actividad en un emprendimiento cooperativo y ordenado.<\/p>\n<p>Es por ello que, durante el acto, se reconocer\u00e1 la labor de las cooperativas Dignidad y Vida Sana, que trabaja en la clasificaci\u00f3n de la basura en el relleno sanitario, y Recicladores Santa Fe, que hace recolecci\u00f3n de residuos secos en diferentes avenidas comerciales; ambas formadas por ex carreros.<\/p>\n<p>La propuesta prev\u00e9, tambi\u00e9n, la restricci\u00f3n de la circulaci\u00f3n de carros con caballos en forma paulatina en diferentes sectores de la ciudad, a medida que avance la puesta en marcha del programa.<\/p>\n<p>El acto se concretar\u00e1 este lunes, a las 9.30, en el Mercado Progreso (Balcarce 1635).<\/p>\n<h6>Fuente: Sin Mordaza<\/h6>\n","protected":false},"excerpt":{"rendered":"<p>Se trata de una iniciativa que busca brindar alternativas laborales, capacitaci\u00f3n e inclusi\u00f3n social a las familias que viven de la basura. <\/p>\n","protected":false},"author":2,"featured_media":53345,"comment_status":"closed","ping_status":"closed","sticky":false,"template":"","format":"standard","meta":{"footnotes":""},"categories":[2],"tags":[10],"class_list":["post-53344","post","type-post","status-publish","format-standard","has-post-thumbnail","hentry","category-informe-municipal","tag-santa-fe"],"_links":{"self":[{"href":"http:\/\/argentinamunicipal.com.ar\/argentina\/wp-json\/wp\/v2\/posts\/53344","targetHints":{"allow":["GET"]}}],"collection":[{"href":"http:\/\/argentinamunicipal.com.ar\/argentina\/wp-json\/wp\/v2\/posts"}],"about":[{"href":"http:\/\/argentinamunicipal.com.ar\/argentina\/wp-json\/wp\/v2\/types\/post"}],"author":[{"embeddable":true,"href":"http:\/\/argentinamunicipal.com.ar\/argentina\/wp-json\/wp\/v2\/users\/2"}],"replies":[{"embeddable":true,"href":"http:\/\/argentinamunicipal.com.ar\/argentina\/wp-json\/wp\/v2\/comments?post=53344"}],"version-history":[{"count":0,"href":"http:\/\/argentinamunicipal.com.ar\/argentina\/wp-json\/wp\/v2\/posts\/53344\/revisions"}],"wp:featuredmedia":[{"embeddable":true,"href":"http:\/\/argentinamunicipal.com.ar\/argentina\/wp-json\/wp\/v2\/media\/53345"}],"wp:attachment":[{"href":"http:\/\/argentinamunicipal.com.ar\/argentina\/wp-json\/wp\/v2\/media?parent=53344"}],"wp:term":[{"taxonomy":"category","embeddable":true,"href":"http:\/\/argentinamunicipal.com.ar\/argentina\/wp-json\/wp\/v2\/categories?post=53344"},{"taxonomy":"post_tag","embeddable":true,"href":"http:\/\/argentinamunicipal.com.ar\/argentina\/wp-json\/wp\/v2\/tags?post=53344"}],"curies":[{"name":"wp","href":"https:\/\/api.w.org\/{rel}","templated":true}]}}