{"id":53347,"date":"2016-09-12T07:09:23","date_gmt":"2016-09-12T10:09:23","guid":{"rendered":"http:\/\/argentinamunicipal.com.ar\/argentina\/?p=53347"},"modified":"2016-09-12T07:09:23","modified_gmt":"2016-09-12T10:09:23","slug":"intendentes-cordobeses-visitaron-santa-tome","status":"publish","type":"post","link":"http:\/\/argentinamunicipal.com.ar\/argentina\/intendentes-cordobeses-visitaron-santa-tome\/","title":{"rendered":"Intendentes cordobeses visitaron\u00a0Santa Tom\u00e9"},"content":{"rendered":"<p>Seis intendentes de la regi\u00f3n de Sierras Chicas, provincia de C\u00f3rdoba, conocieron detalles sobre el sistema de tratamiento de los residuos s\u00f3lidos urbanos.<\/p>\n<p>Los mandatarios fueron recibidos por la intendente Daniela Q\u00fcesta, que los acompa\u00f1\u00f3 en una recorrida por la Planta de Tratamiento y Disposici\u00f3n Final de Residuos inaugurada por el Municipio el 29 de mayo de 2015, en articulaci\u00f3n con la empresa Cotreco SA.<\/p>\n<p>\u00abSanto Tom\u00e9 tiene el orgullo de ser la \u00fanica ciudad de la provincia que cuenta con el sistema de encapsulado de residuos domiciliarios. Se trata de una tecnolog\u00eda adicional al m\u00e9todo de relleno sanitario, que favorece el cuidado del medio ambiente y nos posiciona como una referencia en la materia\u00bb, explic\u00f3 Daniela Q\u00fcesta.<\/p>\n<p>Junto a la intendente local, de la actividad tambi\u00e9n participaron el diputado provincial Fabi\u00e1n Palo Oliver, directivos de la firma Cotreco SA, funcionarios municipales, concejales y personal t\u00e9cnico de la Municipalidad.<\/p>\n<p>Por su parte, los intendentes que visitaron la ciudad fueron Omar Albanece (R\u00edo Ceballos), Marcelo Bustos (Salsipuedes), Carlos Ambrosich (La Granja), Orlando Belli (Agua de Oro), Andr\u00e9s Data (Cerro Azul) y Daniel Salibi (Mendiolaza).<\/p>\n<p>\u00abTuvimos el agrado de recibir a estas autoridades en funci\u00f3n del inter\u00e9s que nos hab\u00edan manifestado por conocer nuestra experiencia en materia de tratamiento y disposici\u00f3n final de residuos s\u00f3lidos urbanos\u00bb, detall\u00f3 Q\u00fcesta.<\/p>\n<p>\u00abEstuvimos con ellos recorriendo la planta que inauguramos hace poco m\u00e1s de un a\u00f1o y cont\u00e1ndoles todo el proceso que llevamos adelante para que la misma sea hoy una realidad\u00bb, a\u00f1adi\u00f3 la titular del Ejecutivo.<\/p>\n<p>A su turno, Daniel Salibi, intendente de la localidad de Mendiolaza, manifest\u00f3: \u00abnos vamos realmente muy sorprendidos por el trabajo que est\u00e1n haciendo en Santo Tom\u00e9 para el tratamiento de los residuos\u00bb.<\/p>\n<p>\u00abLa problem\u00e1tica de la basura, que hace un tiempo no era tenida en cuenta por los intendentes, es en la actualidad una de las principales preocupaciones de los municipios por lo que significa en t\u00e9rminos de costos, log\u00edstica e impacto ambiental\u00bb, consider\u00f3.<\/p>\n<p>\u00abEn nuestro caso, somos representantes de un corredor que contiene a 11 intendencias en la regi\u00f3n de Sierras Chicas, en la provincia de C\u00f3rdoba, las cuales estamos trabajando juntas con la intenci\u00f3n de emprender una experiencia similar a la de Santo Tom\u00e9\u00bb, complet\u00f3 Salibi.<\/p>\n<h6>Fuente: Sin Mordaza<\/h6>\n","protected":false},"excerpt":{"rendered":"<p>Seis intendentes de la regi\u00f3n de Sierras Chicas, provincia de C\u00f3rdoba, conocieron detalles sobre el sistema de tratamiento de los residuos s\u00f3lidos urbanos.<\/p>\n","protected":false},"author":2,"featured_media":53348,"comment_status":"closed","ping_status":"closed","sticky":false,"template":"","format":"standard","meta":{"footnotes":""},"categories":[2],"tags":[10],"class_list":["post-53347","post","type-post","status-publish","format-standard","has-post-thumbnail","hentry","category-informe-municipal","tag-santa-fe"],"_links":{"self":[{"href":"http:\/\/argentinamunicipal.com.ar\/argentina\/wp-json\/wp\/v2\/posts\/53347","targetHints":{"allow":["GET"]}}],"collection":[{"href":"http:\/\/argentinamunicipal.com.ar\/argentina\/wp-json\/wp\/v2\/posts"}],"about":[{"href":"http:\/\/argentinamunicipal.com.ar\/argentina\/wp-json\/wp\/v2\/types\/post"}],"author":[{"embeddable":true,"href":"http:\/\/argentinamunicipal.com.ar\/argentina\/wp-json\/wp\/v2\/users\/2"}],"replies":[{"embeddable":true,"href":"http:\/\/argentinamunicipal.com.ar\/argentina\/wp-json\/wp\/v2\/comments?post=53347"}],"version-history":[{"count":0,"href":"http:\/\/argentinamunicipal.com.ar\/argentina\/wp-json\/wp\/v2\/posts\/53347\/revisions"}],"wp:featuredmedia":[{"embeddable":true,"href":"http:\/\/argentinamunicipal.com.ar\/argentina\/wp-json\/wp\/v2\/media\/53348"}],"wp:attachment":[{"href":"http:\/\/argentinamunicipal.com.ar\/argentina\/wp-json\/wp\/v2\/media?parent=53347"}],"wp:term":[{"taxonomy":"category","embeddable":true,"href":"http:\/\/argentinamunicipal.com.ar\/argentina\/wp-json\/wp\/v2\/categories?post=53347"},{"taxonomy":"post_tag","embeddable":true,"href":"http:\/\/argentinamunicipal.com.ar\/argentina\/wp-json\/wp\/v2\/tags?post=53347"}],"curies":[{"name":"wp","href":"https:\/\/api.w.org\/{rel}","templated":true}]}}