{"id":53363,"date":"2016-09-12T07:48:19","date_gmt":"2016-09-12T10:48:19","guid":{"rendered":"http:\/\/argentinamunicipal.com.ar\/argentina\/?p=53363"},"modified":"2016-09-12T07:48:19","modified_gmt":"2016-09-12T10:48:19","slug":"paro-nacional-horizonte","status":"publish","type":"post","link":"http:\/\/argentinamunicipal.com.ar\/argentina\/paro-nacional-horizonte\/","title":{"rendered":"Con un paro nacional en el horizonte"},"content":{"rendered":"<p>El ministro de Trabajo acus\u00f3 a los sindicalistas de \u201cpolitizar\u201d las negociaciones y les reclam\u00f3 propuestas. Desde la CTA Aut\u00f3noma retrucaron que las medidas de fuerza son \u201cen defensa propia\u201d y desde la CGT destacaron el acuerdo para realizar una huelga.<\/p>\n<p>El ministro de Trabajo, Jorge Triaca, pidi\u00f3 \u201cprudencia\u201d a las centrales sindicales frente a la posibilidad de que convoquen a un paro nacional. Luego de recibir a los l\u00edderes gremiales la semana pasada, Triaca apunt\u00f3 que le \u201cgustar\u00eda ver dirigentes mucho m\u00e1s propositivos\u201d y los acus\u00f3 de \u201cpolitizar las reuniones\u201d. El secretario general de la CTA Aut\u00f3noma, Pablo Micheli, le contest\u00f3 que no hac\u00edan \u201cparos contra un gobierno o un presidente\u201d, mientras que uno de los tres secretarios generales que tiene la CGT unificada, Carlos Acu\u00f1a, destac\u00f3 que internamente no hay \u201cdiferencias acerca de tomar medidas, llegado el momento, por la actual pol\u00edtica econ\u00f3mica\u201d.<\/p>\n<p>\u201cNo creemos que haya una agitaci\u00f3n de la situaci\u00f3n social por s\u00ed misma. Vemos que hay una acci\u00f3n pol\u00edtica tratando de plantear cosas que no son las que la mayor\u00eda de la gente est\u00e1 sintiendo\u201d, asegur\u00f3 el ministro, minimizando los planteos sindicales. Triaca acus\u00f3 a la dirigencia gremial de que \u201calgunos ya ven\u00edan (a las reuniones) con lo que iban a salir diciendo de antemano\u201d, a pesar de que \u201cel Gobierno tiene vocaci\u00f3n de di\u00e1logo\u201d.<\/p>\n<p>Micheli explic\u00f3 que la respuesta de los trabajadores en caso de llegar a una huelga tendr\u00e1 que ver con \u201cun problema de pol\u00edtica econ\u00f3mica\u201d, y advirti\u00f3 que no toman medidas \u201cen contra, sino en defensa propia\u201d. Seg\u00fan dijo el l\u00edder de la CTA Aut\u00f3noma, los representantes de los trabajadores est\u00e1n \u201cpreocupados por una situaci\u00f3n que no se avizora que vaya a mejorar\u201d.<\/p>\n<p>La relaci\u00f3n entre el gobierno nacional y las organizaciones sindicales se tens\u00f3 en las \u00faltimas semanas. La falta de respuesta a los reclamos, pasados nueve meses de gobierno macrista, y las declaraciones del Presidente asegurando que no se reabrir\u00e1n las paritarias pese a la inflaci\u00f3n, fueron aumentando el mal humor de los trabajadores. A ello se sumaron los cambios en el escenario sindical, con la unificaci\u00f3n de la CGT y las coincidencias mostradas por las dos CTA en la Marcha Federal, de la que tambi\u00e9n participaron gremios cegetistas. La unidad en la acci\u00f3n llev\u00f3 a comenzar a hablar de un paro para fines de septiembre.<\/p>\n<p>\u201cCuando les pedimos a los dirigentes prudencia es porque entendemos que estos problemas que ellos plantean se van a ir solucionando\u201d, asegur\u00f3 Triaca. El titular de la cartera laboral confirm\u00f3 que a fines de septiembre se presentar\u00e1 un proyecto para modificar las escalas del Impuesto a las Ganancias, uno de los reclamos de los gremios.<\/p>\n<p>Desde la CGT, Acu\u00f1a resalt\u00f3 que hacia el interior de la CGT \u201cno hay discusi\u00f3n sobre la necesidad, llegado el momento, de tomar medidas concretas por la actual pol\u00edtica econ\u00f3mica\u201d, y dijo que lo que se discute en todo caso es \u201cla fecha, pero no de enfrentar algunas decisiones econ\u00f3micas del Gobierno\u201d. Asegur\u00f3 que \u201clo que se decida en el Confederal se har\u00e1, porque el compromiso es acatar lo que pide la mayor\u00eda\u201d, en referencia al c\u00f3nclave del 23 de septiembre.<\/p>\n<h6>Fuente: P\u00e1gina 12<\/h6>\n","protected":false},"excerpt":{"rendered":"<p>El ministro de Trabajo acus\u00f3 a los sindicalistas de \u201cpolitizar\u201d las negociaciones y les reclam\u00f3 propuestas. Desde la CTA Aut\u00f3noma retrucaron que las medidas de fuerza son \u201cen defensa propia\u201d y desde la CGT destacaron el acuerdo para realizar una huelga.<\/p>\n","protected":false},"author":2,"featured_media":53364,"comment_status":"closed","ping_status":"closed","sticky":false,"template":"","format":"standard","meta":{"footnotes":""},"categories":[8],"tags":[21],"class_list":["post-53363","post","type-post","status-publish","format-standard","has-post-thumbnail","hentry","category-informe-nacional","tag-argentina"],"_links":{"self":[{"href":"http:\/\/argentinamunicipal.com.ar\/argentina\/wp-json\/wp\/v2\/posts\/53363","targetHints":{"allow":["GET"]}}],"collection":[{"href":"http:\/\/argentinamunicipal.com.ar\/argentina\/wp-json\/wp\/v2\/posts"}],"about":[{"href":"http:\/\/argentinamunicipal.com.ar\/argentina\/wp-json\/wp\/v2\/types\/post"}],"author":[{"embeddable":true,"href":"http:\/\/argentinamunicipal.com.ar\/argentina\/wp-json\/wp\/v2\/users\/2"}],"replies":[{"embeddable":true,"href":"http:\/\/argentinamunicipal.com.ar\/argentina\/wp-json\/wp\/v2\/comments?post=53363"}],"version-history":[{"count":0,"href":"http:\/\/argentinamunicipal.com.ar\/argentina\/wp-json\/wp\/v2\/posts\/53363\/revisions"}],"wp:featuredmedia":[{"embeddable":true,"href":"http:\/\/argentinamunicipal.com.ar\/argentina\/wp-json\/wp\/v2\/media\/53364"}],"wp:attachment":[{"href":"http:\/\/argentinamunicipal.com.ar\/argentina\/wp-json\/wp\/v2\/media?parent=53363"}],"wp:term":[{"taxonomy":"category","embeddable":true,"href":"http:\/\/argentinamunicipal.com.ar\/argentina\/wp-json\/wp\/v2\/categories?post=53363"},{"taxonomy":"post_tag","embeddable":true,"href":"http:\/\/argentinamunicipal.com.ar\/argentina\/wp-json\/wp\/v2\/tags?post=53363"}],"curies":[{"name":"wp","href":"https:\/\/api.w.org\/{rel}","templated":true}]}}