{"id":53392,"date":"2016-09-12T06:00:47","date_gmt":"2016-09-12T09:00:47","guid":{"rendered":"http:\/\/argentinamunicipal.com.ar\/argentina\/?p=53392"},"modified":"2016-09-12T08:41:04","modified_gmt":"2016-09-12T11:41:04","slug":"seis-barrios-portenos-la-argentina","status":"publish","type":"post","link":"http:\/\/argentinamunicipal.com.ar\/argentina\/seis-barrios-portenos-la-argentina\/","title":{"rendered":"Seis barrios porte\u00f1os \u00abson\u00bb la Argentina"},"content":{"rendered":"<p>La p\u00e1gina oficial del \u00abmini Davos\u00bb de Macri, el Foro de Inversiones y Negocios, muestra solo algunos barrios de la Capital. Un d\u00e9ficit.<\/p>\n<p>Est\u00e1 bien estar orgullosos de Buenos Aires. Pero cuando se trata de tentar a inversores, probablemente resulte m\u00e1s efectivo mostrarles que tenemos un pa\u00eds alrededor de la ciudad que nos sirve de capital federal y que en todo ese territorio hay una inmensa diversidad de oportunidades. Los organizadores del Foro de Inversiones y Negocios que empieza hoy en Buenos Aires, con la presencia de grandes empresarios de 65 pa\u00edses, fueron atra\u00eddos con videos de seis barrios porte\u00f1os. Muy lindas im\u00e1genes, pero el pa\u00eds es bastante m\u00e1s que eso.<\/p>\n<h6>Fuente: Mdz Online<\/h6>\n","protected":false},"excerpt":{"rendered":"<p>La p\u00e1gina oficial del \u00abmini Davos\u00bb de Macri, el Foro de Inversiones y Negocios, muestra solo algunos barrios de la Capital. Un d\u00e9ficit.<\/p>\n","protected":false},"author":2,"featured_media":53393,"comment_status":"closed","ping_status":"closed","sticky":false,"template":"","format":"standard","meta":{"footnotes":""},"categories":[8],"tags":[21],"class_list":["post-53392","post","type-post","status-publish","format-standard","has-post-thumbnail","hentry","category-informe-nacional","tag-argentina"],"_links":{"self":[{"href":"http:\/\/argentinamunicipal.com.ar\/argentina\/wp-json\/wp\/v2\/posts\/53392","targetHints":{"allow":["GET"]}}],"collection":[{"href":"http:\/\/argentinamunicipal.com.ar\/argentina\/wp-json\/wp\/v2\/posts"}],"about":[{"href":"http:\/\/argentinamunicipal.com.ar\/argentina\/wp-json\/wp\/v2\/types\/post"}],"author":[{"embeddable":true,"href":"http:\/\/argentinamunicipal.com.ar\/argentina\/wp-json\/wp\/v2\/users\/2"}],"replies":[{"embeddable":true,"href":"http:\/\/argentinamunicipal.com.ar\/argentina\/wp-json\/wp\/v2\/comments?post=53392"}],"version-history":[{"count":0,"href":"http:\/\/argentinamunicipal.com.ar\/argentina\/wp-json\/wp\/v2\/posts\/53392\/revisions"}],"wp:featuredmedia":[{"embeddable":true,"href":"http:\/\/argentinamunicipal.com.ar\/argentina\/wp-json\/wp\/v2\/media\/53393"}],"wp:attachment":[{"href":"http:\/\/argentinamunicipal.com.ar\/argentina\/wp-json\/wp\/v2\/media?parent=53392"}],"wp:term":[{"taxonomy":"category","embeddable":true,"href":"http:\/\/argentinamunicipal.com.ar\/argentina\/wp-json\/wp\/v2\/categories?post=53392"},{"taxonomy":"post_tag","embeddable":true,"href":"http:\/\/argentinamunicipal.com.ar\/argentina\/wp-json\/wp\/v2\/tags?post=53392"}],"curies":[{"name":"wp","href":"https:\/\/api.w.org\/{rel}","templated":true}]}}