{"id":53419,"date":"2016-09-13T07:10:36","date_gmt":"2016-09-13T10:10:36","guid":{"rendered":"http:\/\/argentinamunicipal.com.ar\/argentina\/?p=53419"},"modified":"2016-09-13T07:10:36","modified_gmt":"2016-09-13T10:10:36","slug":"parque-la-bandera-remodelaran-la-ribera-central","status":"publish","type":"post","link":"http:\/\/argentinamunicipal.com.ar\/argentina\/parque-la-bandera-remodelaran-la-ribera-central\/","title":{"rendered":"Parque de la Bandera: remodelar\u00e1n la ribera central"},"content":{"rendered":"<p>Los trabajos se ejecutar\u00e1n en el entorno de Avenida Belgrano en la zona comprendida entre Rioja y Pellegrini. El objetivo es la incorporaci\u00f3n de nuevas \u00e1reas verdes destinadas a ampliar el parque y el uso p\u00fablico.<\/p>\n<p>La extensi\u00f3n del paseo incluye senderos y bicis sendas recreativas, parquizaci\u00f3n, iluminaci\u00f3n y \u00e1reas de descanso con la incorporaci\u00f3n de mobiliario urbano generando mejores condiciones para la convivencia, el encuentro y la recreaci\u00f3n. El presupuesto oficial asciende a \u00a0$31.000.000 y establece un plazo de obra de 6 meses.<\/p>\n<p>La Secretar\u00eda de Obras P\u00fablicas inform\u00f3 que este martes a las 9 hs en el Sal\u00f3n Intendencia del Edificio Ex Aduana Urquiza 902 2 piso, se llevar\u00e1 adelante la apertura de ofertas econ\u00f3micas correspondiente a la licitaci\u00f3n \u00abEntorno Ribera Central\u00bb. El acto ser\u00e1 presidido por la Secretar\u00eda de Obras P\u00fablicas Susana Nader, el titular de Planeamiento Pablo \u00c1balos y la Directora del CMD Centro Alicia Pino.<\/p>\n<p>El proyecto urbano apunta a la remodelaci\u00f3n del entorno de la ribera central en la zona comprendida a lo largo de Avenida Belgrano entre Rioja y Av. Pellegini. La propuesta plantea la transformaci\u00f3n del sector sur del Parque Nacional a la Bandera para el uso p\u00fablico, de esparcimiento y recreaci\u00f3n. Con este proyecto la ciudad incorporar\u00e1 la apertura de un nuevo espacio verde, d\u00e1ndole continuidad al Parque Nacional a la Bandera reconvirtiendo la Franja Ribere\u00f1a habilitando \u00a0un nuevo espacio verde.<\/p>\n<p>El proyecto contempla trabajos de demolici\u00f3n y retiros varios, entre ellos la remoci\u00f3n y recolocaci\u00f3n de rejas, y la ejecuci\u00f3n de pavimentos de hormig\u00f3n. En tanto, se ejecutar\u00e1n bicis sendas y construir\u00e1n veredas y rampas de accesibilidad. Se colocar\u00e1n cestos, bancos, pretiles y nueva se\u00f1alizaci\u00f3n. A su vez, se ejecutar\u00e1n obras de desag\u00fces pluviales, y se parquizar\u00e1 todo el predio. Por \u00faltimo, se incorporar\u00e1 un nuevo sistema de \u00a0iluminaci\u00f3n de puesta en valor del entorno. El presupuesto oficial asciende a \u00a0$31.000.000 y establece un plazo de obra de 6 meses.<\/p>\n<h6>Fuente: Sin mordaza<\/h6>\n","protected":false},"excerpt":{"rendered":"<p>Los trabajos se ejecutar\u00e1n en el entorno de Avenida Belgrano en la zona comprendida entre Rioja y Pellegrini. El objetivo es la incorporaci\u00f3n de nuevas \u00e1reas verdes destinadas a ampliar el parque y el uso p\u00fablico.<\/p>\n","protected":false},"author":2,"featured_media":53420,"comment_status":"closed","ping_status":"closed","sticky":false,"template":"","format":"standard","meta":{"footnotes":""},"categories":[2],"tags":[10],"class_list":["post-53419","post","type-post","status-publish","format-standard","has-post-thumbnail","hentry","category-informe-municipal","tag-santa-fe"],"_links":{"self":[{"href":"http:\/\/argentinamunicipal.com.ar\/argentina\/wp-json\/wp\/v2\/posts\/53419","targetHints":{"allow":["GET"]}}],"collection":[{"href":"http:\/\/argentinamunicipal.com.ar\/argentina\/wp-json\/wp\/v2\/posts"}],"about":[{"href":"http:\/\/argentinamunicipal.com.ar\/argentina\/wp-json\/wp\/v2\/types\/post"}],"author":[{"embeddable":true,"href":"http:\/\/argentinamunicipal.com.ar\/argentina\/wp-json\/wp\/v2\/users\/2"}],"replies":[{"embeddable":true,"href":"http:\/\/argentinamunicipal.com.ar\/argentina\/wp-json\/wp\/v2\/comments?post=53419"}],"version-history":[{"count":0,"href":"http:\/\/argentinamunicipal.com.ar\/argentina\/wp-json\/wp\/v2\/posts\/53419\/revisions"}],"wp:featuredmedia":[{"embeddable":true,"href":"http:\/\/argentinamunicipal.com.ar\/argentina\/wp-json\/wp\/v2\/media\/53420"}],"wp:attachment":[{"href":"http:\/\/argentinamunicipal.com.ar\/argentina\/wp-json\/wp\/v2\/media?parent=53419"}],"wp:term":[{"taxonomy":"category","embeddable":true,"href":"http:\/\/argentinamunicipal.com.ar\/argentina\/wp-json\/wp\/v2\/categories?post=53419"},{"taxonomy":"post_tag","embeddable":true,"href":"http:\/\/argentinamunicipal.com.ar\/argentina\/wp-json\/wp\/v2\/tags?post=53419"}],"curies":[{"name":"wp","href":"https:\/\/api.w.org\/{rel}","templated":true}]}}