{"id":53442,"date":"2016-09-13T07:48:08","date_gmt":"2016-09-13T10:48:08","guid":{"rendered":"http:\/\/argentinamunicipal.com.ar\/argentina\/?p=53442"},"modified":"2016-09-13T07:48:08","modified_gmt":"2016-09-13T10:48:08","slug":"nacion-provincia-enfrentaran-juntas-delito-santa-fe","status":"publish","type":"post","link":"http:\/\/argentinamunicipal.com.ar\/argentina\/nacion-provincia-enfrentaran-juntas-delito-santa-fe\/","title":{"rendered":"Naci\u00f3n y provincia enfrentar\u00e1n juntas el delito en Santa Fe"},"content":{"rendered":"<p>Rubricaron ayer un convenio por el cual crearon comandos operativos que intercambiar\u00e1n informaci\u00f3n y recursos.<\/p>\n<p>El presidente Mauricio Macri y Miguel Lifschitz firmaron ayer un convenio que pretende sentar las bases para revertir la crisis delictiva que golpea a la provincia de Santa Fe. Se constituye un comando estrat\u00e9gico, de car\u00e1cter pol\u00edtico, integrado por el propio gobernador y la ministra de Seguridad de la Naci\u00f3n, Patricia Bullrich; a la vez que otro comando conjunto, operativo, integrar\u00e1 a las conducciones de las agencias nacionales de seguridad (Gendarmer\u00eda, Polic\u00eda Federal, Aeroportuaria y Prefectura) y de la Polic\u00eda y el Servicio Penitenciario provincial.<\/p>\n<p>El convenio consta de 12 cl\u00e1usulas; en la quinta se define que para los delitos de competencia federal \u2014narcotr\u00e1fico, entre otros\u2014 \u00ablas acciones quedar\u00e1n bajo supervisi\u00f3n y directivas de Gendarmer\u00eda\u00bb.<\/p>\n<p>Ayer no se hizo p\u00fablico el n\u00famero de efectivos federales que intervendr\u00e1n en la provincia de Santa Fe. Aunque se anunci\u00f3 que el pr\u00f3ximo viernes, en Rosario, se realizar\u00e1 la reuni\u00f3n constitutiva del comit\u00e9 estrat\u00e9gico, para luego poner en funcionamiento tambi\u00e9n al comit\u00e9 operativo.<\/p>\n<p>Luego de la reuni\u00f3n en el propio despacho presidencial, Bullrich, tambi\u00e9n part\u00edcipe del encuentro, explic\u00f3 a La Capital: \u00abLa idea es que haya una apertura de la informaci\u00f3n, tanto de las fuerzas federales como de la provincial, compartir. Queremos observar c\u00f3mo est\u00e1n trabajando tanto los efectivos federales como la polic\u00eda provincial, con un sistema que se denomina georreferencial\u00bb.<\/p>\n<p>Sin embargo, la apertura mutua de la informaci\u00f3n no ser\u00e1 para todos los casos. \u00abLas acciones ser\u00e1n integradas en algunos casos, y desintegradas en otros. Se ir\u00e1n decidiendo en el comit\u00e9 operativo; siempre es bueno el control cruzado entre las distintas fuerzas, saber d\u00f3nde, c\u00f3mo y cu\u00e1ndo se mueven tanto las fuerzas federales como la polic\u00eda provincial y el servicio penitenciario. Tendremos un mapa federal para saber c\u00f3mo est\u00e1n trabajando las fuerzas en conjunto\u00bb, explic\u00f3 Bullrich.<\/p>\n<p>Consultada por este diario, Bullrich adelant\u00f3 que si se detectaran casos de corrupci\u00f3n \u00abse analizar\u00e1n de manera conjunta\u00bb.<\/p>\n<p>Altos mandos. Ayer mismo, luego del encuentro en la Casa Rosada, la ministra de Seguridad se reuni\u00f3 con los jefes operativos de la Gendarmer\u00eda, Prefectura, Polic\u00eda Federal y Polic\u00eda Aeroportuaria. \u00abTenemos un acuerdo de confidencialidad, alguna informaci\u00f3n no la vamos a hacer p\u00fablica porque no queremos que se enteren los que \u00abest\u00e1n del otro lado\u00bb (delincuentes)\u00bb, revel\u00f3 Bullrich en la sala de conferencias, en el segundo piso de Balcarce 50.<\/p>\n<p>El convenio acordado luego de fuertes cruces entre Santa Fe y Naci\u00f3n ser\u00e1 efectivo para toda la provincia y vigente hasta el \u00faltimo d\u00eda de 2017.<\/p>\n<p>En ese documento se compromete, en las pr\u00f3ximas dos semanas, a trav\u00e9s del comit\u00e9 operativo conjunto, a elevar un plan de operaciones. \u00abM\u00e1s que el n\u00famero de efectivos, lo nuevo aqu\u00ed ser\u00e1 la coordinaci\u00f3n de las fuerzas. Cuando no hay coordinaci\u00f3n, buena parte de los recursos se terminan desperdiciando\u00bb, explic\u00f3 Lifschitz ayer en la Casa Rosada.<\/p>\n<p>Para el gobernador, \u00abel convenio marca una diferencia respecto de lo que ven\u00eda aconteciendo, en el sentido de que ahora encararemos un trabajo coordinado\u00bb.<\/p>\n<p>Lifschitz, siempre luego de la trascendental reuni\u00f3n, y sentado junto a Bullrich y a Rogelio Frigerio (ministro de Interior, tambi\u00e9n presente en la reuni\u00f3n con el presidente) abund\u00f3: \u00abEl comit\u00e9 deber\u00e1 elaborar informes permanentes para evaluar la situaci\u00f3n. Nos pone por primera vez en coordinaci\u00f3n, tanto para controlar el delito de competencia federal como el delito de competencia provincial. Los delitos se abordar\u00e1n en com\u00fan, porque muchas veces se producen hechos que vinculan una cosa con la otra\u00bb.<\/p>\n<p>A su vez, Bullrich explic\u00f3 que el proyecto de env\u00edo de fuerzas federales a Santa Fe se diferenciar\u00e1 de las experiencias anteriores porque no se reducir\u00e1 a patrullajes y presencia territorial. \u00abCreemos que el narcotr\u00e1fico y la violencia que hoy vive la provincia de Santa Fe, que tiene \u00edndices de homicidios superiores al resto del pa\u00eds, se combaten con investigaci\u00f3n criminal y no s\u00f3lo con los patrullajes. Ser\u00e1 un trabajo profundo\u00bb, determin\u00f3.<\/p>\n<p>La ministra busc\u00f3 ponerle un punto final a los fuertes cruces pol\u00edticos entre los gobiernos provincial y nacional que se sucedieron en las \u00faltimas semanas. \u00abSer\u00e1 la mejor respuesta para la provincia de Santa Fe, sin r\u00e9ditos para un determinado color pol\u00edtico. La provincia no debe sentirse discriminada, recibe los medios federales como otras provincias\u00bb, asegur\u00f3.<\/p>\n<h6>Fuente: La Capital Santa Fe<\/h6>\n","protected":false},"excerpt":{"rendered":"<p>Rubricaron ayer un convenio por el cual crearon comandos operativos que intercambiar\u00e1n informaci\u00f3n y recursos.<\/p>\n","protected":false},"author":2,"featured_media":53443,"comment_status":"closed","ping_status":"closed","sticky":false,"template":"","format":"standard","meta":{"footnotes":""},"categories":[65],"tags":[10],"class_list":["post-53442","post","type-post","status-publish","format-standard","has-post-thumbnail","hentry","category-provincias","tag-santa-fe"],"_links":{"self":[{"href":"http:\/\/argentinamunicipal.com.ar\/argentina\/wp-json\/wp\/v2\/posts\/53442","targetHints":{"allow":["GET"]}}],"collection":[{"href":"http:\/\/argentinamunicipal.com.ar\/argentina\/wp-json\/wp\/v2\/posts"}],"about":[{"href":"http:\/\/argentinamunicipal.com.ar\/argentina\/wp-json\/wp\/v2\/types\/post"}],"author":[{"embeddable":true,"href":"http:\/\/argentinamunicipal.com.ar\/argentina\/wp-json\/wp\/v2\/users\/2"}],"replies":[{"embeddable":true,"href":"http:\/\/argentinamunicipal.com.ar\/argentina\/wp-json\/wp\/v2\/comments?post=53442"}],"version-history":[{"count":0,"href":"http:\/\/argentinamunicipal.com.ar\/argentina\/wp-json\/wp\/v2\/posts\/53442\/revisions"}],"wp:featuredmedia":[{"embeddable":true,"href":"http:\/\/argentinamunicipal.com.ar\/argentina\/wp-json\/wp\/v2\/media\/53443"}],"wp:attachment":[{"href":"http:\/\/argentinamunicipal.com.ar\/argentina\/wp-json\/wp\/v2\/media?parent=53442"}],"wp:term":[{"taxonomy":"category","embeddable":true,"href":"http:\/\/argentinamunicipal.com.ar\/argentina\/wp-json\/wp\/v2\/categories?post=53442"},{"taxonomy":"post_tag","embeddable":true,"href":"http:\/\/argentinamunicipal.com.ar\/argentina\/wp-json\/wp\/v2\/tags?post=53442"}],"curies":[{"name":"wp","href":"https:\/\/api.w.org\/{rel}","templated":true}]}}