{"id":53445,"date":"2016-09-13T07:53:28","date_gmt":"2016-09-13T10:53:28","guid":{"rendered":"http:\/\/argentinamunicipal.com.ar\/argentina\/?p=53445"},"modified":"2016-09-13T07:53:28","modified_gmt":"2016-09-13T10:53:28","slug":"preocupados-las-senales-inercia","status":"publish","type":"post","link":"http:\/\/argentinamunicipal.com.ar\/argentina\/preocupados-las-senales-inercia\/","title":{"rendered":"\u201cPreocupados por las se\u00f1ales de inercia\u201d"},"content":{"rendered":"<p>Abogados, familiares y sobrevivientes consensuaron un plan de acci\u00f3n para revertir las dificultades y los retrocesos que advierten en los procesos judiciales sobre el terrorismo de Estado. Hay reclamos para los tres poderes.<\/p>\n<p>Una veintena de abogados, referentes de organismos de derechos humanos, sobrevivientes y familiares de v\u00edctimas del terrorismo de Estado se reunieron para analizar las \u201cdificultades y los retrocesos\u201d que experimentan en los procesos judiciales sobre cr\u00edmenes de lesa humanidad que se est\u00e1n desarrollando en todo el pa\u00eds y consensuaron un plan de acci\u00f3n para \u201cluchar contra la inercia\u201d que encuentran en diferentes espacios del gobierno nacional, del Poder Judicial y del Legislativo. En el Congreso de la Naci\u00f3n, Abuelas de Plaza de Mayo, Madres de Plaza de Mayo L\u00ednea Fundadora, Familiares, Hijos y la Liga Argentina por los Derechos del Hombre, entre varias otras agrupaciones, anunciaron que solicitar\u00e1n reuniones con funcionarios de los tres poderes \u2013esta tarde los recibi\u00f3 el presidente de la Corte Suprema, Ricardo Lorenzetti\u2013 y anunciaron la realizaci\u00f3n de la tradicional Marcha de la Resistencia para los primeros d\u00edas de diciembre pr\u00f3ximo.<\/p>\n<p>\u201cEstamos preocupados ante las se\u00f1ales de inercia y falta de impulso que se evidencian en los tres poderes del Estado\u201d en materia de memoria, verdad y justicia, inaugur\u00f3 las conclusiones del encuentro la Madre de Plaza de Mayo L\u00ednea Fundadora Taty Almeida, tarea que comparti\u00f3 con la presidenta de Abuelas de Plaza de Mayo, Estela de Carlotto, desde un escenario que tambi\u00e9n ocuparon otras madres y abuelas, y referentes de cada una de las organizaciones impulsoras del plenario: Familiares de Desaparecidos y Detenidos por Razones Pol\u00edticas, la Liga Argentina por los Derechos del Hombre, la Asamblea Permanente por los Derechos Humanos, Hijos Capital, el Movimiento Ecum\u00e9nico por los Derechos Humanos, los Familiares y Compa\u00f1eros de las 12 de la Santa Cruz, Fundaci\u00f3n Memoria Hist\u00f3rica, el CELS, la Asociaci\u00f3n Buena Memoria y la Comisi\u00f3n por la Memoria Campo de Mayo, entre otras.<\/p>\n<p>Entre todos, consensuaron el despliegue de pedidos de reuniones de manera conjunta a referentes de esos poderes para denunciar lo expuesto y comprometieron su participaci\u00f3n en la Marcha de la Resistencia, que organizar\u00e1n en Plaza de Mayo el 7 y 8 de diciembre pr\u00f3ximos. Poco antes de comenzar el encuentro, voceros de Lorenzetti les hicieron llegar una cita con el presidente de la Corte para esa misma tarde (ver aparte). Pedir\u00e1n reuniones con el presidente de la C\u00e1mara de Casaci\u00f3n, Alejandro Slokar; el secretario de Derechos Humanos, Claudio Avruj; con los titulares del Senado y de la C\u00e1mara baja, Gabriela Michetti y Emilio Monz\u00f3; y con la procuradora Alejandra Gils Carb\u00f3, a quien le manifestar\u00e1n \u201cel apoyo al trabajo del Ministerio P\u00fablico Fiscal\u201d.<\/p>\n<p>Lita Boitano, de Familiares, pidi\u00f3 por la libertad de Milagro Sala y ratific\u00f3 la \u201cdefensa total y un\u00e1nime\u201d al juez federal Daniel Rafecas, \u201ca quien atacan por ser un juez incorruptible\u201d. La Madre de Plaza de Mayo Taty Almeida calific\u00f3 de \u201cemocionante\u201d al encuentro que se extendi\u00f3 durante tres horas ayer por la ma\u00f1ana y colm\u00f3 el auditorio del anexo de la C\u00e1mara de Diputados. \u201cAc\u00e1 se respira uni\u00f3n y fuerza, lo que nos permite gritar que no vamos a bajar los brazos\u201d, dijo antes de leer el documento final que todos los participantes hab\u00edan consensuado tras una veintena de exposiciones de abogados, sobrevivientes, referentes de organismos de derechos humanos y familiares de v\u00edctimas del plan sistem\u00e1tico de exterminio desarrollado por la \u00faltima dictadura c\u00edvico militar.<\/p>\n<p>Inercia judicial<br \/>\nLos organismos se\u00f1alaron como \u201cpreocupante\u201d el \u201critmo cansino\u201d que el Poder Judicial aplica a la realizaci\u00f3n de los juicios, la \u201clentitud para el desarrollo de los debates orales y p\u00fablicos\u201d y la \u201cdemora para conformar tribunales y obtener espacios propios para la realizaci\u00f3n de las audiencias\u201d.<\/p>\n<p>En ese sentido se pronunciaron casi todas las exposiciones que tuvieron lugar en el plenario, encabezadas por el breve informe de la Procuradur\u00eda de Lesa Humanidad: \u201cHay una baja de ritmo, pero no est\u00e1 parado el proceso\u201d, advirti\u00f3 Carolina Varsky, quien mencion\u00f3 que el \u201critmo m\u00e1s lento\u201d se refleja en \u201cmenor cantidad de sentencias, menos audiencias por juicios, problemas para integrar los tribunales, estancamiento en la programaci\u00f3n de los juicios, demoras en la instrucci\u00f3n de las causas y en la revisi\u00f3n de las condenas\u201d.<\/p>\n<p>Los sobrevivientes del centro clandestino El Vesubio, aportaron que hace 13 a\u00f1os esperan que la causa por los cr\u00edmenes en ese sitio sea elevada a juicio. Los abogados de Formosa se\u00f1alaron que all\u00ed \u201chace cuatro a\u00f1os que no hay juez\u201d y el subrogante, de Corrientes, \u201cviene una vez por semana\u201d. El juicio que se desarrolla en San Rafael, Mendoza, sufre la misma situaci\u00f3n, con \u201cuna audiencia cada 15 d\u00edas\u201d, apunt\u00f3 la militante Sof\u00eda Dandrea. Adriana Taboada, referente de la megacausa Campo de Mayo, denunci\u00f3 que \u201cpor desinformaci\u00f3n y desinteligencia entre agencias judiciales, los juicios no avanzan y nosotros quedamos en el medio\u201d.<\/p>\n<p>Reproches al Ejecutivo<br \/>\nEntre las actitudes reprochables al Poder Ejecutivo, los organismos consideraron \u201cpreocupante\u201d el \u201ccambio de paradigma en el discurso oficial\u201d que, entienden, tiende a \u201cconsolidar el terrorismo de Estado como una guerra sucia o violencia pol\u00edtica\u201d y que lo encuentran evidenciado en \u201cdeclaraciones negacionistas de funcionarios p\u00fablicos\u201d o la asistencia a actos oficiales de \u201cpersonajes vinculados con el golpismo o que lo defienden\u201d. En esa l\u00ednea, tambi\u00e9n leen otras actitudes del Gobierno de Mauricio Macri, como el retiro de la querella de la causa contra Alejandro Reynal, ex vicepresidente del Banco Central entre 1979 y 1981, por delitos de lesa humanidad, la inacci\u00f3n ante las prisiones domiciliarias otorgadas a procesados y condenados por esos delitos; la derogaci\u00f3n de una resoluci\u00f3n del Ministerio de Defensa que imped\u00eda que los investigados fueran atendidos en hospitales militares y el decreto 721 que le \u201cdevolvi\u00f3 la autonom\u00eda a las fuerzas armadas\u201d. Por otra parte, denunciaron \u201cuna fuerte embestida\u201d contra la procuradora Gils Carb\u00f3 y recordaron los recortes sufridos por el Programa Verdad y Justicia y el centro asistencial Fernando Ulloa.<\/p>\n<p>Para Remo Carlotto, presidente de la Comisi\u00f3n de Derechos Humanos de la C\u00e1mara de Diputados, tambi\u00e9n la situaci\u00f3n es \u201cpreocupante\u201d: \u201cLa impresi\u00f3n que tengo es que van a buscar el camino de vaciamiento lento, de muerte natural de estas pol\u00edticas\u201d, advirti\u00f3 el diputado que posibilit\u00f3 que el encuentro de los organismos se llevara a cabo en el anexo de la C\u00e1mara.<\/p>\n<p>Reclamos a los legisladores<br \/>\nCarlotto advirti\u00f3 que elabor\u00f3 un pedido a Michetti y a Monz\u00f3 para que \u201cfinalmente se arme la comisi\u00f3n bicameral que debe investigar los delitos econ\u00f3micos de la \u00faltima dictadura\u201d que deber\u00eda haber comenzado a trabajar en marzo pasado. Dijo que a\u00fan no obtuvo respuesta. En ese punto radica la exigencia que los organismos le dedicaron ayer, tras el plenario de exposiciones, al Poder Legislativo: \u201cEn esta casa legislativa exigimos a los presidentes de los bloques legislativos que la pongan a funcionar\u201d, advirtieron en el documento final. \u201cLos obst\u00e1culos para avanzar en investigar o juzgar delitos de lesa humanidad se agudizan ante la impunidad para los part\u00edcipes civiles de esa dictadura genocida y para todos los culpables civiles que siguen sin tener juicio y castigo\u201d, concluyeron.<\/p>\n<h6>Fuente: P\u00e1gina 12<\/h6>\n","protected":false},"excerpt":{"rendered":"<p>Abogados, familiares y sobrevivientes consensuaron un plan de acci\u00f3n para revertir las dificultades y los retrocesos que advierten en los procesos judiciales sobre el terrorismo de Estado. Hay reclamos para los tres poderes.<\/p>\n","protected":false},"author":2,"featured_media":53446,"comment_status":"closed","ping_status":"closed","sticky":false,"template":"","format":"standard","meta":{"footnotes":""},"categories":[8],"tags":[21],"class_list":["post-53445","post","type-post","status-publish","format-standard","has-post-thumbnail","hentry","category-informe-nacional","tag-argentina"],"_links":{"self":[{"href":"http:\/\/argentinamunicipal.com.ar\/argentina\/wp-json\/wp\/v2\/posts\/53445","targetHints":{"allow":["GET"]}}],"collection":[{"href":"http:\/\/argentinamunicipal.com.ar\/argentina\/wp-json\/wp\/v2\/posts"}],"about":[{"href":"http:\/\/argentinamunicipal.com.ar\/argentina\/wp-json\/wp\/v2\/types\/post"}],"author":[{"embeddable":true,"href":"http:\/\/argentinamunicipal.com.ar\/argentina\/wp-json\/wp\/v2\/users\/2"}],"replies":[{"embeddable":true,"href":"http:\/\/argentinamunicipal.com.ar\/argentina\/wp-json\/wp\/v2\/comments?post=53445"}],"version-history":[{"count":0,"href":"http:\/\/argentinamunicipal.com.ar\/argentina\/wp-json\/wp\/v2\/posts\/53445\/revisions"}],"wp:featuredmedia":[{"embeddable":true,"href":"http:\/\/argentinamunicipal.com.ar\/argentina\/wp-json\/wp\/v2\/media\/53446"}],"wp:attachment":[{"href":"http:\/\/argentinamunicipal.com.ar\/argentina\/wp-json\/wp\/v2\/media?parent=53445"}],"wp:term":[{"taxonomy":"category","embeddable":true,"href":"http:\/\/argentinamunicipal.com.ar\/argentina\/wp-json\/wp\/v2\/categories?post=53445"},{"taxonomy":"post_tag","embeddable":true,"href":"http:\/\/argentinamunicipal.com.ar\/argentina\/wp-json\/wp\/v2\/tags?post=53445"}],"curies":[{"name":"wp","href":"https:\/\/api.w.org\/{rel}","templated":true}]}}