{"id":53492,"date":"2016-09-14T07:35:51","date_gmt":"2016-09-14T10:35:51","guid":{"rendered":"http:\/\/argentinamunicipal.com.ar\/argentina\/?p=53492"},"modified":"2016-09-14T07:35:51","modified_gmt":"2016-09-14T10:35:51","slug":"preocupados-la-crisis-economica","status":"publish","type":"post","link":"http:\/\/argentinamunicipal.com.ar\/argentina\/preocupados-la-crisis-economica\/","title":{"rendered":"Preocupados por la crisis econ\u00f3mica"},"content":{"rendered":"<p>Sindicalistas y empresarios se reunieron ayer y hablaron de avanzar en una agenda com\u00fan para hacer frente a la situaci\u00f3n. La conducci\u00f3n de la central sindical se encontrar\u00e1n hoy con autoridades del PJ y de la Iglesia Cat\u00f3lica.<\/p>\n<p>La CGT avanza en su estrategia de preparar el terreno para convocar un paro contra la pol\u00edtica econ\u00f3mica del Gobierno. Con ese prop\u00f3sito, los dirigentes cegetistas estuvieron ayer con representantes la Uni\u00f3n Industrial Argentina (UIA), con quienes compartieron la preocupaci\u00f3n por la crisis de la econom\u00eda, y hoy se reunir\u00e1n con la conducci\u00f3n del Partido Justicialista y con las m\u00e1ximas autoridades de la Iglesia Cat\u00f3lica. La central sindical busca as\u00ed fortalecerse frente a un gobierno que ya se muestra cr\u00edtico a posibles medidas de fuerza y, por boca del propio presidente Mauricio Macri, sali\u00f3 a reclamarle \u201cprudencia\u201d y \u201csentido com\u00fan\u201d (ver aparte).<\/p>\n<p>El D\u00eda D para la CGT es el pr\u00f3ximo 23 de septiembre. Entonces, se reunir\u00e1 el Comit\u00e9 Central Confederal y est\u00e1 resuelto que all\u00ed se formalizar\u00e1 la convocatoria a una medida de fuerza. H\u00e9ctor Daer, uno de los tres secretarios generales que conducen la central desde su reunificaci\u00f3n, ya confirm\u00f3 que hay \u201cconsenso\u201d para convocar a un \u201cparo sin movilizaci\u00f3n\u201d. Desde las dos CTA, que organizaron la masiva Marcha Federal y hace tiempo promueven la unidad de acci\u00f3n del sindicalismo y los movimientos sociales contra el ajuste de Macri, aguardan la definici\u00f3n de la CGT para sumarse a la huelga.<\/p>\n<p>La idea de la CGT de hacerle un paro a la administraci\u00f3n macrista madur\u00f3 tras el encuentro de los sindicalistas con funcionarios nacionales y las reuniones con representantes de distintos sectores, como la que tuvieron ayer con la c\u00fapula de la UIA. De su visita al Ministerio de Trabajo, la conducci\u00f3n de la central sindical se fue con la impresi\u00f3n que el Gobierno tiene buenos modales, pero poca voluntad de solucionar los problemas que, a la vez, coincidieron en se\u00f1alar con aquellos con quienes viene intercambiando opiniones sobre la actual situaci\u00f3n econ\u00f3mica y social.<\/p>\n<p>En ese sentido, el encuentro con el presidente de la UIA, Adri\u00e1n Kaufmann; su vice primero, Daniel Funes de Rioja; y su secretario general, Juan Carlos Sacco; no fue la excepci\u00f3n. \u201cHablamos de la preocupaci\u00f3n que compartimos de que no se siga profundizando la ca\u00edda del empleo y ver c\u00f3mo podemos construir una agenda com\u00fan para tener un diagn\u00f3stico y una alternativa conjunta frente al trazado econ\u00f3mico y a la gesti\u00f3n de la cartera econ\u00f3mica\u201d, cont\u00f3 Juan Carlos Schmid, otro de los miembros del triunvirato que lleva las riendas de la CGT, al salir de la entidad que agrupa a los industriales. Carlos Acu\u00f1a, el tercer secretario general de la central sindical, agreg\u00f3: \u201cCoincidimos en el diagn\u00f3stico de que nos preocupan mucho las p\u00e9rdidas de puestos trabajo y las suspensiones y despidos.\u201d En la reuni\u00f3n con la UIA tambi\u00e9n estuvieron Armando Cavalieri, Rodolfo Daer y Jos\u00e9 Luis Lingeri.<\/p>\n<p>Con la decisi\u00f3n de ir a una huelga que en principio ser\u00eda en la primera quincena de octubre, la CGT trabaja tambi\u00e9n para acumular capital pol\u00edtico para el d\u00eda despu\u00e9s. \u201cEl paro no puede ser el objetivo final. Debe ser una herramienta dentro una estrategia para modificar este rumbo econ\u00f3mico\u201d, reiter\u00f3 ayer a P\u00e1gina\/12 uno de los hombres fuertes de la central gremial, que en esa l\u00ednea ya dialog\u00f3 con intendentes peronistas del grupo Esmeralda, con senadores del PJ-FpV y con referentes de movimientos sociales.<\/p>\n<p>Los sindicalistas dar\u00e1n hoy otros dos pasos en ese sentido. Por la ma\u00f1ana recibir\u00e1n en la CGT al presidente del PJ, el sanjuanino Jos\u00e9 Luis Gioja, y otros miembros de la conducci\u00f3n partidaria. Buscar\u00e1n definir una agenda com\u00fan en materia de defensa de los derechos de los trabajadores, pero adem\u00e1s tienen para hablar sobre el reordenamiento del peronismo en el que los sindicalistas tambi\u00e9n quieren tallar. Por la tarde, concurrir\u00e1n a la sede de la Conferencia Episcopal, donde los espera su titular, el arzobispo Jos\u00e9 Mar\u00eda Arancedo, y otros representantes de la Iglesia cat\u00f3lica. Para los pr\u00f3ximos d\u00edas prepara un encuentro con gobernadores peronistas.<\/p>\n<h6>Fuente: P\u00e1gina 12<\/h6>\n","protected":false},"excerpt":{"rendered":"<p>Sindicalistas y empresarios se reunieron ayer y hablaron de avanzar en una agenda com\u00fan para hacer frente a la situaci\u00f3n. La conducci\u00f3n de la central sindical se encontrar\u00e1n hoy con autoridades del PJ y de la Iglesia Cat\u00f3lica.<\/p>\n","protected":false},"author":2,"featured_media":53493,"comment_status":"closed","ping_status":"closed","sticky":false,"template":"","format":"standard","meta":{"footnotes":""},"categories":[8],"tags":[21],"class_list":["post-53492","post","type-post","status-publish","format-standard","has-post-thumbnail","hentry","category-informe-nacional","tag-argentina"],"_links":{"self":[{"href":"http:\/\/argentinamunicipal.com.ar\/argentina\/wp-json\/wp\/v2\/posts\/53492","targetHints":{"allow":["GET"]}}],"collection":[{"href":"http:\/\/argentinamunicipal.com.ar\/argentina\/wp-json\/wp\/v2\/posts"}],"about":[{"href":"http:\/\/argentinamunicipal.com.ar\/argentina\/wp-json\/wp\/v2\/types\/post"}],"author":[{"embeddable":true,"href":"http:\/\/argentinamunicipal.com.ar\/argentina\/wp-json\/wp\/v2\/users\/2"}],"replies":[{"embeddable":true,"href":"http:\/\/argentinamunicipal.com.ar\/argentina\/wp-json\/wp\/v2\/comments?post=53492"}],"version-history":[{"count":0,"href":"http:\/\/argentinamunicipal.com.ar\/argentina\/wp-json\/wp\/v2\/posts\/53492\/revisions"}],"wp:featuredmedia":[{"embeddable":true,"href":"http:\/\/argentinamunicipal.com.ar\/argentina\/wp-json\/wp\/v2\/media\/53493"}],"wp:attachment":[{"href":"http:\/\/argentinamunicipal.com.ar\/argentina\/wp-json\/wp\/v2\/media?parent=53492"}],"wp:term":[{"taxonomy":"category","embeddable":true,"href":"http:\/\/argentinamunicipal.com.ar\/argentina\/wp-json\/wp\/v2\/categories?post=53492"},{"taxonomy":"post_tag","embeddable":true,"href":"http:\/\/argentinamunicipal.com.ar\/argentina\/wp-json\/wp\/v2\/tags?post=53492"}],"curies":[{"name":"wp","href":"https:\/\/api.w.org\/{rel}","templated":true}]}}