{"id":53498,"date":"2016-09-14T07:45:01","date_gmt":"2016-09-14T10:45:01","guid":{"rendered":"http:\/\/argentinamunicipal.com.ar\/argentina\/?p=53498"},"modified":"2016-09-14T07:45:01","modified_gmt":"2016-09-14T10:45:01","slug":"fiesta-empresarios-medio-la-recesion","status":"publish","type":"post","link":"http:\/\/argentinamunicipal.com.ar\/argentina\/fiesta-empresarios-medio-la-recesion\/","title":{"rendered":"Fiesta de empresarios en medio de la recesi\u00f3n"},"content":{"rendered":"<p>El encuentro arranc\u00f3 con un discurso de seis minutos del Presidente que fue aplaudido por ejecutivos de multinacionales y grandes empresas, quienes elogiaron el cambio de rumbo. Paolo Rocca, de Techint, pidi\u00f3 a los trabajadores resignar salario para no perder empleo.<\/p>\n<p>El macrismo inaugur\u00f3 ayer su principal acto pol\u00edtico desde que asumi\u00f3 la conducci\u00f3n del Estado nacional, con la presencia de m\u00e1s de 1000 empresarios mimetizados con el discurso oficial. Dentro de la minor\u00eda que de por s\u00ed representa el empresariado, el apoyo al Gobierno proviene de un grupo muy selecto: los conglomerados locales y las multinacionales radicadas en el pa\u00eds y las firmas extranjeras dedicadas al sector de infraestructura que est\u00e1n desligadas del mercado interno. Es un fiel reflejo del nuevo patr\u00f3n de acumulaci\u00f3n en el pa\u00eds, impulsado por el capital extranjero vinculado a los sectores capital intensivos junto al agro, las finanzas y la miner\u00eda. El evento cont\u00f3 con una p\u00e1tina de marketing sobre la \u201cMarca Argentina\u201d y la \u201cvuelta al mundo\u201d del pa\u00eds, a pesar de que la mayor parte de las empresas participantes est\u00e1n radicadas hace a\u00f1os y de hecho realizaron inversiones durante el gobierno anterior. Los asistentes apoyaron las reformas liberales del macrismo aunque manifestaron dudas sobre la viabilidad pol\u00edtica del proyecto y mostraron especial inter\u00e9s en vender equipamientos vinculados al sector energ\u00e9tico. La exuberante presencia empresarial contrast\u00f3 con la pobreza de anuncios de inversi\u00f3n.<\/p>\n<p>Apenas pasadas las nueve de la ma\u00f1ana, la Ballena Azul del Centro Cultural Kirchner explot\u00f3 en aplausos para el presidente Mauricio Macri. El parte oficial de la organizaci\u00f3n contabiliz\u00f3 1600 participantes de 67 pa\u00edses, en su mayor\u00eda hombres, de estricto traje, con mucha presencia de gerentes extranjeros. Apenas ingres\u00f3 Macri al recinto, arranc\u00f3 un video promocional del pa\u00eds, con tango electr\u00f3nico de fondo y testimonios de trabajadores, maestros de escuela y profesionales. Primera curiosidad: los argentinos hablando en ingl\u00e9s. En el video se mechan frases como \u201cI am Argentina\u201d y \u201cthis is Argentina\u201d con su traducci\u00f3n \u201cyo soy Argentina\u201d y \u201csomos Argentina\u201d. El final fue a coro: \u201c\u00a1Abierta al mundo!\u201d. Para no desentonar, Macri comenz\u00f3 su breve discurso, de apenas seis minutos, en ingl\u00e9s. As\u00ed dio la bienvenida y les dijo a los empresarios: \u201cEspero convencerlos de que est\u00e1n en el tiempo y lugar perfectos\u201d. Despu\u00e9s sigui\u00f3 en castellano y asegur\u00f3 que \u201cestamos en una etapa de reglas de juego claras, de sensatez, con un Estado que se moderniza y se acerca a la gente\u201d.<\/p>\n<p>\u201cLos argentinos aprendimos. Hace treinta a\u00f1os elegimos vivir en democracia y ahora sabemos que para crecer se necesitan pol\u00edticas de largo plazo. Sufrimos las crisis de 1989 y 2002 y hace nueve meses est\u00e1bamos al borde de otra crisis, pero reaccionamos a tiempo y logramos evitarla\u201d, analiz\u00f3 Macri. El mandatario repiti\u00f3 que \u201ctomamos las medidas necesarias. Muchas fueron dif\u00edciles. Asumimos en un pa\u00eds en recesi\u00f3n y alt\u00edsima inflaci\u00f3n. La inflaci\u00f3n ya la empezamos a someter y vemos los primeros indicios de que la recesi\u00f3n va quedando a atr\u00e1s\u201d, agreg\u00f3. Por ahora s\u00f3lo tiene a su favor la ca\u00edda de la inflaci\u00f3n en agosto por el freno parcial del tarifazo. En materia de crecimiento la situaci\u00f3n sigue muy delicada. \u201cAgosto fue un mes horrible, con una ca\u00edda de las ventas de entre 7 y 8 por ciento. Septiembre viene apenas mejor\u201d, explic\u00f3 en privado un supermercadista a este diario.<\/p>\n<p>Amigos son los amigos<br \/>\nEl primer orador por parte del sector privado fue el australiano Andrew Livers, CEO de Dow Chemical, en un di\u00e1logo mano a mano con Patricia Janiot, periodista de CNN en Espa\u00f1ol. \u201cYo divido a los pa\u00edses entre los que tienen alfombra roja y los que tienen burocracia. Lo que este Gobierno est\u00e1 haciendo es el comienzo de una reforma fiscal para generar un crecimiento prolongado. Necesitamos la persistencia del Gobierno para continuar con los cambios\u201d, dijo Livers y cit\u00f3 al magnate Donald Trump, candidato republicano a las elecciones norteamericanas: \u201cTenemos que tener reformas en el comercio, fiscales y educativas. As\u00ed vamos a lograr las inversiones, comenzamos a vendernos y a ganar\u201d. \u201cSi pasamos esta etapa de resoluci\u00f3n vamos a poder cambiar las normas y las reglas de juego y tener crecimiento sostenible durante d\u00e9cadas\u201d, agreg\u00f3. Livers mantuvo una reuni\u00f3n a solas con Macri en la Casa Rosada.<\/p>\n<p>Luego se sumaron otros CEOs, como Bruno Di Leo (IBM) y Steve Angelo (Toyota). Pero se destac\u00f3 la presencia de Paolo Rocca, el jefe de Techint, la principal empresa privada del pa\u00eds. Rocca fue cr\u00edtico del kirchnerismo y mantuvo en su momento una fuerte disputa para evitar la presencia de Axel Kicillof en el directorio de Siderar a ra\u00edz de la participaci\u00f3n accionaria de la Anses. Sin embargo, realiz\u00f3 grandes negocios como proveedor del Estado durante la d\u00e9cada pasada y se benefici\u00f3 de la protecci\u00f3n de las importaciones provenientes de China. La mano derecha de Rocca en el Grupo de la T es Luis Betnaza, amigo de Ernesto Sanz, aliado del macrismo.<\/p>\n<p>\u201cLos empresarios miramos tres variables para analizar la inversi\u00f3n: la rentabilidad, las variables macroecon\u00f3micas y la estabilidad pol\u00edtica. Las condiciones est\u00e1n dadas para generar inversiones. En este momento Argentina ofrece oportunidades. El legado de la \u00faltima d\u00e9cada es negativo en muchos aspectos, pero en t\u00e9rminos de oportunidades abre las puertas a inversiones\u201d. Critic\u00f3 al kirchnerismo por \u201cfalta de educaci\u00f3n y problemas de productividad\u201d y pidi\u00f3 a los sindicatos \u201centender que no s\u00f3lo est\u00e1 en juego el salario de unos pocos sino el trabajo de todos\u201d. A su turno, Martin Sorrell, de la consultora brit\u00e1nica WPP y amigo de Richard Attias, el magnate marroqu\u00ed encargado de seducir a los gerentes de las multinacionales para que participen del evento, elogi\u00f3 a Macri porque su apellido comienza con la letra m, \u201ccomo Angela Merkel y Theresa May, la primer ministra brit\u00e1nica\u201d. \u201cArgentina est\u00e1 reviviendo. Por la historia, hay problemas de autoestima que hacen que las marcas argentinas no sean importantes en el mundo\u201d, analiz\u00f3.<\/p>\n<p>Sorrell mantiene desde hace a\u00f1os muy buena relaci\u00f3n con Macri e intent\u00f3 varias veces hacer negocios de consultor\u00eda para el Gobierno de la Ciudad. En el foro de Davos de Suiza a comienzos de a\u00f1o, el brit\u00e1nico convenci\u00f3 a Macri de organizar el encuentro empresario en el pa\u00eds. Sorrell y Attias se enfocaron en asegurar la presencia de los CEOs de peso pesado, mientras que el Gobierno promocion\u00f3 el evento a trav\u00e9s de las embajadas, publicidades en distintas ciudades del mundo, pauta en redes sociales y en cada viaje al exterior de los ministros del gabinete.<\/p>\n<h6>Fuente: P\u00e1gina 12<\/h6>\n","protected":false},"excerpt":{"rendered":"<p>El encuentro arranc\u00f3 con un discurso de seis minutos del Presidente que fue aplaudido por ejecutivos de multinacionales y grandes empresas, quienes elogiaron el cambio de rumbo. Paolo Rocca, de Techint, pidi\u00f3 a los trabajadores resignar salario para no perder empleo.<\/p>\n","protected":false},"author":2,"featured_media":53499,"comment_status":"closed","ping_status":"closed","sticky":false,"template":"","format":"standard","meta":{"footnotes":""},"categories":[8],"tags":[21],"class_list":["post-53498","post","type-post","status-publish","format-standard","has-post-thumbnail","hentry","category-informe-nacional","tag-argentina"],"_links":{"self":[{"href":"http:\/\/argentinamunicipal.com.ar\/argentina\/wp-json\/wp\/v2\/posts\/53498","targetHints":{"allow":["GET"]}}],"collection":[{"href":"http:\/\/argentinamunicipal.com.ar\/argentina\/wp-json\/wp\/v2\/posts"}],"about":[{"href":"http:\/\/argentinamunicipal.com.ar\/argentina\/wp-json\/wp\/v2\/types\/post"}],"author":[{"embeddable":true,"href":"http:\/\/argentinamunicipal.com.ar\/argentina\/wp-json\/wp\/v2\/users\/2"}],"replies":[{"embeddable":true,"href":"http:\/\/argentinamunicipal.com.ar\/argentina\/wp-json\/wp\/v2\/comments?post=53498"}],"version-history":[{"count":0,"href":"http:\/\/argentinamunicipal.com.ar\/argentina\/wp-json\/wp\/v2\/posts\/53498\/revisions"}],"wp:featuredmedia":[{"embeddable":true,"href":"http:\/\/argentinamunicipal.com.ar\/argentina\/wp-json\/wp\/v2\/media\/53499"}],"wp:attachment":[{"href":"http:\/\/argentinamunicipal.com.ar\/argentina\/wp-json\/wp\/v2\/media?parent=53498"}],"wp:term":[{"taxonomy":"category","embeddable":true,"href":"http:\/\/argentinamunicipal.com.ar\/argentina\/wp-json\/wp\/v2\/categories?post=53498"},{"taxonomy":"post_tag","embeddable":true,"href":"http:\/\/argentinamunicipal.com.ar\/argentina\/wp-json\/wp\/v2\/tags?post=53498"}],"curies":[{"name":"wp","href":"https:\/\/api.w.org\/{rel}","templated":true}]}}