{"id":53504,"date":"2016-09-14T06:00:29","date_gmt":"2016-09-14T09:00:29","guid":{"rendered":"http:\/\/argentinamunicipal.com.ar\/argentina\/?p=53504"},"modified":"2016-09-14T07:53:24","modified_gmt":"2016-09-14T10:53:24","slug":"son-tiempos-dificiles","status":"publish","type":"post","link":"http:\/\/argentinamunicipal.com.ar\/argentina\/son-tiempos-dificiles\/","title":{"rendered":"\u201cSon tiempos dif\u00edciles\u201d"},"content":{"rendered":"<p>\u201cEl presente se discute con memoria\u201d, fue la consigna que reuni\u00f3 a referentes de Argentina, Brasil, Guatemala y Per\u00fa, entre otros pa\u00edses. El diagn\u00f3stico fue pesimista pero se plante\u00f3 la b\u00fasqueda de una agenda com\u00fan.<\/p>\n<p>El desaf\u00edo que proponen estos \u201ctiempos dif\u00edciles\u201d a los espacios que trabajan tem\u00e1ticas de memoria fue el eje principal de la apertura del seminario regional que puso en marcha ayer un conjunto de organismos de derechos humanos y colectivos que nuclean a sitios de memoria en Am\u00e9rica Latina. \u201cSon tiempos dif\u00edciles que encuentran al movimiento de derechos humanos mejor preparado que hace 30 a\u00f1os\u201d, advirti\u00f3 el director ejecutivo del Centro de Estudios Legales y Sociales (CELS), Gast\u00f3n Chillier, el referente argentino en la mesa inaugural, que tuvo lugar en la Ex Esma.<\/p>\n<p>\u201cEn un contexto que no est\u00e1 demasiado abierto para los intercambios regionales, un encuentro como el que este es de suma importancia\u201d, enmarc\u00f3 Valeria Barbutto, directora ejecutiva del colectivo Memoria Abierta, organizador junto con la Red de Sitios de Memoria Latinoamericanos y Caribe\u00f1os y la Coalici\u00f3n Internacional de Sitios de Conciencia del seminario regional \u201cEl presente se discute con memoria\u201d. El objetivo del encuentro es avanzar en una \u201cagenda de acciones\u201d que puedan llevar a cabo los sitios de memoria sobre las problem\u00e1ticas actuales de derechos humanos. \u201c\u00bfC\u00f3mo hacemos desde el trabajo con la memoria del pasado para incidir en las problem\u00e1ticas del presente?\u201d, se pregunt\u00f3 Barbutto, coordinadora de la mesa inaugural que tuvo a Chillier como referente argentino, a Maurice Politi en representaci\u00f3n de Brasil; Gustavo Meo\u00f1o de Guatemala; desde Per\u00fa, Laura P\u00e9rez D\u00edaz y desde Per\u00fa, Germ\u00e1n Vargas. El seminario contin\u00faa en la sede que el Instituto de Pol\u00edticas P\u00fablicas en Derechos Humanos del Mercosur coordina en la Ex Esma.<\/p>\n<p>Para Chillier, los \u201ctiempos dif\u00edciles\u201d est\u00e1n representados, de manera generalizada, por \u201cel fin del ciclo de los gobiernos que se preocuparon por distribuir mejor la riqueza\u201d en toda Am\u00e9rica Latina. El director ejecutivo del CELS remarc\u00f3 que las circunstancias plantean \u201cdesaf\u00edos al movimiento de los derechos humanos\u201d, al que consider\u00f3 \u201cen un lugar mucho mejor que hace 30 a\u00f1os, mejor preparado y bastante bien pertrechado\u201d. En Argentina, dijo \u201cpor primera vez un partido de derecha compite democr\u00e1ticamente en elecciones y gana\u201d, advirti\u00f3. Enumer\u00f3, luego, los efectos de nueve meses de esa gesti\u00f3n en t\u00e9rminos de \u201cfranco retroceso\u201d de pol\u00edticas de mayor distribuci\u00f3n de la riqueza: desempleo, p\u00e9rdida de poder adquisitivo producto de la devaluaci\u00f3n, pol\u00edticas tributarias regresivas.<\/p>\n<p>Politi, del N\u00facleo de Preservaci\u00f3n de la Memoria Pol\u00edtica, exclam\u00f3 un \u201cFora Temer\u201d antes de comenzar a hacer un recorrido por las condiciones pol\u00edticas y econ\u00f3micas que prepararon el terreno y culminaron en la destituci\u00f3n, v\u00eda impeachment, de la ex presdienta Dilma Rousseff. \u201cAs\u00ed comenzamos en Brasil cada conferencia, la consigna \u2018Fora Temer\u2019 nunca falta\u201d, explic\u00f3. Luego de detallar con hechos c\u00f3mo la \u201cderecha y el poder econ\u00f3mico\u201d que impulsaron el \u201cproceso legal pero poco leg\u00edtimo\u201d, como lo calific\u00f3 a su turno Chillier, termin\u00f3 con Michelle Temer en la presidencia de Brasil, Politi enumer\u00f3 algunos efectos que su gesti\u00f3n, de poco m\u00e1s de tres meses en el campo espec\u00edfico de los derechos humanos: \u201csuspendi\u00f3 el presupuesto para toda pol\u00edtica en derechos humanos y aplic\u00f3 una pol\u00edtica de criminalizaci\u00f3n de movimientos sociales\u201d, a la que compar\u00f3 con la Escuela Superior de guerra \u201cque form\u00f3 a militares para combatir a los grupos revolucionarios\u201d durante la d\u00e9cada del 70.<\/p>\n<p>Gustavo Meo\u00f1o, referente del Archivo Hist\u00f3rico de la Polic\u00eda de Guatemala, expuso \u201clos principales conflictos\u201d de M\u00e9xico, Guatemala y El Salvador, \u201celementos comunes\u201d a la regi\u00f3n que integran. Sobre M\u00e9xico, remarc\u00f3 que la crisis de derechos humanos est\u00e1 dada por la figura de las desapariciones forzadas: las cifras oficiales advierten que ya son 30 mil las personas desaparecidas, pero \u201clos organismos advierten que la cifra se triplica\u201d. \u201cLas desapariciones en M\u00e9xico no siguen un patr\u00f3n determinado, hoy cualquiera puede desaparecer a cualquier hora y en cualquier lugar; son producidas por particulares con la anuencia del Estado, que se niega a tipificar ese delito, a pesar de que la CIDH lo obliga\u201d. \u201cEn M\u00e9xico, la impunidad es la norma\u201d, remarc\u00f3. Respecto a Guatemala y El Salvador, Meo\u00f1o sostuvo como caracter\u00edstica com\u00fan \u201cel endurecimiento de las estructuras del crimen organizado\u201d. \u201cEn Guatemala, la totalidad de las estructuras est\u00e1n encabezadas por generales acusados de violaciones a los derechos humanos\u201d, concluy\u00f3.<\/p>\n<p>Gast\u00f3n Vargas, de la Asociaci\u00f3n Paz y Esperanza, de Per\u00fa, celebr\u00f3 \u201cla posibilidad de que los organismos de derechos humanos juntos afronten los desaf\u00edos del presente\u201d y remarc\u00f3 como una caracter\u00edstica positiva del movimiento de su pa\u00eds el hecho de que \u201cmantenga coherencia frente a su objetivo de defender los derechos humanos sea quien sea que est\u00e9 en el poder\u201d. Por Rep\u00fablica Dominicana y Hait\u00ed expuso Laura P\u00e9rez D\u00edaz, del dominicano Museo Memoria de la Resistencia. En nombre de la delegaci\u00f3n que se estrena en la red de sitios de memoria, advirti\u00f3 que en Hait\u00ed \u201cel Estado de derecho no est\u00e1 consolidado y todo lo que funciona en su entorno lo hace de manera muy pobre por lo que no alcanza para dar protecci\u00f3n a los derechos humanos b\u00e1sicos\u201d.<\/p>\n<p>Sobre Dominicana, P\u00e9rez D\u00edaz grafic\u00f3 que el mayor problema que emerge sobre derechos humanos del presente gira en torno de la educaci\u00f3n. \u201cNunca se nos ense\u00f1\u00f3 nada sobre derechos. Al d\u00eda de hoy, a pesar de que est\u00e1 incluido hemos constatado que conocen los derechos pero no saben lo que significan\u201d, explic\u00f3.<\/p>\n<h6>Fuente: P\u00e1gina 12<\/h6>\n","protected":false},"excerpt":{"rendered":"<p>\u201cEl presente se discute con memoria\u201d, fue la consigna que reuni\u00f3 a referentes de Argentina, Brasil, Guatemala y Per\u00fa, entre otros pa\u00edses. El diagn\u00f3stico fue pesimista pero se plante\u00f3 la b\u00fasqueda de una agenda com\u00fan.<\/p>\n","protected":false},"author":2,"featured_media":53505,"comment_status":"closed","ping_status":"closed","sticky":false,"template":"","format":"standard","meta":{"footnotes":""},"categories":[8],"tags":[21],"class_list":["post-53504","post","type-post","status-publish","format-standard","has-post-thumbnail","hentry","category-informe-nacional","tag-argentina"],"_links":{"self":[{"href":"http:\/\/argentinamunicipal.com.ar\/argentina\/wp-json\/wp\/v2\/posts\/53504","targetHints":{"allow":["GET"]}}],"collection":[{"href":"http:\/\/argentinamunicipal.com.ar\/argentina\/wp-json\/wp\/v2\/posts"}],"about":[{"href":"http:\/\/argentinamunicipal.com.ar\/argentina\/wp-json\/wp\/v2\/types\/post"}],"author":[{"embeddable":true,"href":"http:\/\/argentinamunicipal.com.ar\/argentina\/wp-json\/wp\/v2\/users\/2"}],"replies":[{"embeddable":true,"href":"http:\/\/argentinamunicipal.com.ar\/argentina\/wp-json\/wp\/v2\/comments?post=53504"}],"version-history":[{"count":0,"href":"http:\/\/argentinamunicipal.com.ar\/argentina\/wp-json\/wp\/v2\/posts\/53504\/revisions"}],"wp:featuredmedia":[{"embeddable":true,"href":"http:\/\/argentinamunicipal.com.ar\/argentina\/wp-json\/wp\/v2\/media\/53505"}],"wp:attachment":[{"href":"http:\/\/argentinamunicipal.com.ar\/argentina\/wp-json\/wp\/v2\/media?parent=53504"}],"wp:term":[{"taxonomy":"category","embeddable":true,"href":"http:\/\/argentinamunicipal.com.ar\/argentina\/wp-json\/wp\/v2\/categories?post=53504"},{"taxonomy":"post_tag","embeddable":true,"href":"http:\/\/argentinamunicipal.com.ar\/argentina\/wp-json\/wp\/v2\/tags?post=53504"}],"curies":[{"name":"wp","href":"https:\/\/api.w.org\/{rel}","templated":true}]}}