{"id":53561,"date":"2016-09-15T07:40:06","date_gmt":"2016-09-15T10:40:06","guid":{"rendered":"http:\/\/argentinamunicipal.com.ar\/argentina\/?p=53561"},"modified":"2016-09-15T08:10:23","modified_gmt":"2016-09-15T11:10:23","slug":"verdurazo-plaza-mayo-no-pura-verdura","status":"publish","type":"post","link":"http:\/\/argentinamunicipal.com.ar\/argentina\/verdurazo-plaza-mayo-no-pura-verdura\/","title":{"rendered":"Buryaile mand\u00f3 a productores a vender verduras en la feria"},"content":{"rendered":"<p>El ministro de Agroindustria, ofuscado con una manifestaci\u00f3n de horticulores, critic\u00f3 que hayan regalado 20.000 kilos de verduras en Plaza de Mayo en Buenos Aires. Neg\u00f3 avalancha importadora en el sector.<\/p>\n<p>El ministro de Agroindustria, Ricardo Buryaile, critic\u00f3 en la ma\u00f1ana de este mi\u00e9rcoles a los manifestantes que, a modo de protesta, regalaron 20.000 kilos de verduras en el centro porte\u00f1o, en lo que se conoci\u00f3 a trav\u00e9s de los medios como el \u201cverdugazo\u201d.<\/p>\n<p>Visiblemente ofuscado, el funcionario dijo que \u201cen vez de regalar de regalar en Plaza de Mayo, que vayan a vender a la feria\u201d, dispar\u00f3 el formose\u00f1o, quien fuera vicepresidente de Confederaciones Rurales Argentinas (CRA).<\/p>\n<p>El ministro no ocult\u00f3 su enojo ante la manifestaci\u00f3n, la segunda del estilo luego de que hace unas semanas productores de fruta de Neuqu\u00e9n y R\u00edo Negro regalaran peras y manzanas frente a la Casa Rosada. \u201cNunca me pidieron una reuni\u00f3n. Le\u00eda los motivos por los que ven\u00edan y no me termin\u00f3 de quedar claro\u201d, sostuvo Buryaile.<\/p>\n<p>\u201cVienen porque les faltan tierras, y yo no ten\u00eda ning\u00fan pedido\u201d, declar\u00f3 el ministro, y agreg\u00f3: \u201cReclaman por la diferencia de precios entre el consumidor y el productor. Lo que les decimos es que tenemos un programa nacional de ferias. Vamos a abrir 60 en distintos puntos del pa\u00eds, entonces los invitamos a que en vez de regalar en Plaza de Mayo, vayan a vender a la feria\u201d.<\/p>\n<p>Asimismo, el funcionario de origen radical se refiri\u00f3 a la importaci\u00f3n de verduras y frutas. \u201cHay que ponerle cifras. La Argentina produce un mill\u00f3n de toneladas de manzanas y se importaron 700 toneladas, es el 0,7% de la producci\u00f3n. \u00bfAlguien cree que esto incide? De naranjas se import\u00f3 el 2% de la producci\u00f3n local. Como pa\u00eds exportamos 30.000 millones de d\u00f3lares en alimentos y este a\u00f1o vamos a importar 1000 millones, que es lo que importamos hist\u00f3ricamente\u201d, relat\u00f3.<br \/>\nY agreg\u00f3: \u201cUno tiene que mirar globalmente la balanza comercial. Se puede hacer populismo estad\u00edstico pero esta es la realidad\u201d, sostuvo el productor ganadero enojado.<\/p>\n<p>En esa rueda de prensa, realizada en el marco del Foro de Inversi\u00f3n y Negocios que se desarrolla en el Centro Cultural Kirchner, el ministro contest\u00f3 ir\u00f3nicamente cuando le recordaron la exposici\u00f3n de la diputada Mar\u00eda Emilia Soria, quien llev\u00f3 una manzana chilena al Congreso para ilustrar la situaci\u00f3n del sector: \u201cEs un gran m\u00e9rito que la diputada Soria se acuerde del sector agropecuario. Durante muchos a\u00f1os se ve que no hubo crisis en el valle de R\u00edo Negro. Habr\u00e1 que preguntarle a (Miguel \u00c1ngel) Pichetto por qu\u00e9 perdi\u00f3 las elecciones\u201d.<\/p>\n<p>Por \u00faltimo, record\u00f3 la din\u00e1mica del mercado de zanahorias: \u201cSe import\u00f3 cuando se inund\u00f3 Santa Fe. Hubo 18 departamentos inundados y la producci\u00f3n cay\u00f3. Entonces, si no tenemos, que hay que hacer, \u00bfno compramos? Entonces los \u00edndices de precios y costos se van para arriba\u201d, plante\u00f3.<\/p>\n<p>Fuente: El Diario Entre R\u00edos<\/p>\n","protected":false},"excerpt":{"rendered":"<p>El ministro de Agroindustria, ofuscado con una manifestaci\u00f3n de horticulores, critic\u00f3 que hayan regalado 20.000 kilos de verduras en Plaza de Mayo en Buenos Aires. Neg\u00f3 avalancha importadora en el sector.<\/p>\n","protected":false},"author":2,"featured_media":53562,"comment_status":"closed","ping_status":"closed","sticky":false,"template":"","format":"standard","meta":{"footnotes":""},"categories":[8],"tags":[21],"class_list":["post-53561","post","type-post","status-publish","format-standard","has-post-thumbnail","hentry","category-informe-nacional","tag-argentina"],"_links":{"self":[{"href":"http:\/\/argentinamunicipal.com.ar\/argentina\/wp-json\/wp\/v2\/posts\/53561","targetHints":{"allow":["GET"]}}],"collection":[{"href":"http:\/\/argentinamunicipal.com.ar\/argentina\/wp-json\/wp\/v2\/posts"}],"about":[{"href":"http:\/\/argentinamunicipal.com.ar\/argentina\/wp-json\/wp\/v2\/types\/post"}],"author":[{"embeddable":true,"href":"http:\/\/argentinamunicipal.com.ar\/argentina\/wp-json\/wp\/v2\/users\/2"}],"replies":[{"embeddable":true,"href":"http:\/\/argentinamunicipal.com.ar\/argentina\/wp-json\/wp\/v2\/comments?post=53561"}],"version-history":[{"count":0,"href":"http:\/\/argentinamunicipal.com.ar\/argentina\/wp-json\/wp\/v2\/posts\/53561\/revisions"}],"wp:featuredmedia":[{"embeddable":true,"href":"http:\/\/argentinamunicipal.com.ar\/argentina\/wp-json\/wp\/v2\/media\/53562"}],"wp:attachment":[{"href":"http:\/\/argentinamunicipal.com.ar\/argentina\/wp-json\/wp\/v2\/media?parent=53561"}],"wp:term":[{"taxonomy":"category","embeddable":true,"href":"http:\/\/argentinamunicipal.com.ar\/argentina\/wp-json\/wp\/v2\/categories?post=53561"},{"taxonomy":"post_tag","embeddable":true,"href":"http:\/\/argentinamunicipal.com.ar\/argentina\/wp-json\/wp\/v2\/tags?post=53561"}],"curies":[{"name":"wp","href":"https:\/\/api.w.org\/{rel}","templated":true}]}}