{"id":53565,"date":"2016-09-15T07:45:22","date_gmt":"2016-09-15T10:45:22","guid":{"rendered":"http:\/\/argentinamunicipal.com.ar\/argentina\/?p=53565"},"modified":"2016-09-15T08:06:33","modified_gmt":"2016-09-15T11:06:33","slug":"los-despidos-sin-freno","status":"publish","type":"post","link":"http:\/\/argentinamunicipal.com.ar\/argentina\/los-despidos-sin-freno\/","title":{"rendered":"Los despidos, sin freno"},"content":{"rendered":"<p>Agosto fue el mes en el que el Estado volvi\u00f3 a echar trabajadores. Se mantiene la intensidad con la que se destruye el empleo desde la asunci\u00f3n de Cambiemos.<\/p>\n<p>La p\u00e9rdida de puestos de trabajo sigue sin freno a la vista. En agosto, otras 13.658 personas fueron echadas o sufrieron suspensiones. El n\u00famero refleja que la intensidad con la que se destruye el empleo se mantiene, ya que mientras que en junio se produjeron 11.721 casos, en julio fueron 15.137 y el mes pasado sumaron 13.658. \u201cEsto muestra la falacia del acuerdo del presidente Mauricio Macri con los empresarios\u201d, se\u00f1alaron en el Centro de Econom\u00eda Pol\u00edtica Argentina (CEPA), que realiz\u00f3 el relevamiento: independientemente de la vigencia del acuerdo que en teor\u00eda suspend\u00eda los despidos por 90 d\u00edas, desde mayo a julio, el promedio de cesant\u00edas mensuales no tuvo grandes cambios. Agosto fue, tambi\u00e9n, el mes en el que el Estado volvi\u00f3 a echar gente.<\/p>\n<p>\u201cEn julio los despidos en el sector p\u00fablico hab\u00edan sido poco significativos, pero se activaron en agosto, tanto en la Naci\u00f3n como en la provincia. Estos despidos sucedieron con anterioridad a que el propio Ministerio de Modernizaci\u00f3n anunciara que habr\u00e1 una nueva revisi\u00f3n de los contratos\u201d, apunt\u00f3 Hern\u00e1n Letcher, director del CEPA.<\/p>\n<p>El centro viene haciendo un seguimiento de la situaci\u00f3n laboral mes a mes. Desde la asunci\u00f3n del macrismo, los despidos y suspensiones acumulados llegan a 208 mil. De ese total, el 66,07 por ciento ( 137.483 casos) corresponden al sector privado y un 33,93 por ciento (70.597 casos) a trabajadores del Estado.<\/p>\n<p>\u201cLa nueva ola de despidos del sector p\u00fablico, junto con la continuidad en despidos de la industria y los servicios, lejos est\u00e1 de mostrar un cambio de etapa hacia el \u2018segundo semestre\u2019 sino antes bien refleja la agudizaci\u00f3n de las tendencias evidenciadas en los primeros 7 meses de gobierno\u201d, advierten los investigadores.<\/p>\n<p>Secuencia. Como se recordar\u00e1, los despidos tuvieron como se\u00f1al de largada la decisi\u00f3n del presidente Macri de impulsar las cesant\u00edas masivas en la administraci\u00f3n p\u00fablica. Con el argumento de \u201climpiar de \u00f1oquis\u201d o militantes de La C\u00e1mpora al Estado, m\u00e1s de 60 mil contratados quedaron en la calle durante el verano. Pero ya en marzo, las cesant\u00edas del sector privado superaban a las del sector p\u00fablico. En los meses siguientes, las p\u00e9rdidas de puestos de trabajo en el orden privado no ganaron peso: pasaron de representar el 56,84 por ciento del total en ese mes al 61,22 en abril, 61,83 en mayo, a 62,96 en junio, 65,34 en julio, y 66,07 en agosto. En ese mismo per\u00edodo, las del sector p\u00fablico (en el nivel nacional, provincial y municipal) redujeron su participaci\u00f3n del 43,16 en marzo a un 33,93 en agosto. Sin embargo, en este \u00faltimo mes se registr\u00f3 la vuelta de los los despidos en el Estado. En julio hab\u00edan sido s\u00f3lo 988 despidos; en agosto fueron 3.205.<\/p>\n<p>\u00bfD\u00f3nde? En el orden nacional, resaltan 200 casos de despidos en el Ministerio de Educaci\u00f3n y m\u00e1s de 250 del call center del Ministerio de Energ\u00eda. Adem\u00e1s, hubo 800 ingresos suspendidos en el Conicet a pesar de haber ganado los concursos. En las provincias hubo despidos entre los estatales de C\u00f3rdoba, los talleristas culturales de Tierra del Fuego y los capacitadores educativos de Jujuy, adem\u00e1s de casos en la Direcci\u00f3n de Lucha contra la violencia hacia la Mujer y la Trata de Personas de C\u00f3rdoba y en el Hospital Pedi\u00e1trico del Chaco.<\/p>\n<p>En la industria. Los textiles tuvieron otro mes dif\u00edcil. Como resultado de la apertura importadora sufrieron un nuevo ajuste en la producci\u00f3n, con m\u00e1s de mil cien suspensiones. Alpargatas ha suspendido 150 personas en su planta de Florencio Varela y Karavell ha hecho lo propio en Mercedes. Los despidos registrados fueron 124, pero el n\u00famero real podr\u00eda ser m\u00e1s alto, si se considera que es un rubro con altos \u00edndices de trabajo en negro. Tambi\u00e9n fueron golpeados los metal\u00fargicos y los trabajadores de automotrices (entre otros, hubo suspensiones en Ford, Volkswagen y FIAT, y despidos en Renault). Las empresas de electrodom\u00e9sticos y art\u00edculos electr\u00f3nicos encabezaron el ranking de despidos (m\u00e1s de 800), como uno de los efectos de la baja en el consumo interno.<\/p>\n<p>Comercio. Por el mismo motivo, los trabajadores de Comercio son los que perdieron m\u00e1s empleos en Servicios, aunque en general se ve que este sector tuvo una n\u00edtida baja de los despidos con respecto al mes anterior.<\/p>\n<h6>Fuente : P\u00e1gina 12<\/h6>\n","protected":false},"excerpt":{"rendered":"<p>Agosto fue el mes en el que el Estado volvi\u00f3 a echar trabajadores. Se mantiene la intensidad con la que se destruye el empleo desde la asunci\u00f3n de Cambiemos.<\/p>\n","protected":false},"author":2,"featured_media":53567,"comment_status":"closed","ping_status":"closed","sticky":false,"template":"","format":"standard","meta":{"footnotes":""},"categories":[8],"tags":[21],"class_list":["post-53565","post","type-post","status-publish","format-standard","has-post-thumbnail","hentry","category-informe-nacional","tag-argentina"],"_links":{"self":[{"href":"http:\/\/argentinamunicipal.com.ar\/argentina\/wp-json\/wp\/v2\/posts\/53565","targetHints":{"allow":["GET"]}}],"collection":[{"href":"http:\/\/argentinamunicipal.com.ar\/argentina\/wp-json\/wp\/v2\/posts"}],"about":[{"href":"http:\/\/argentinamunicipal.com.ar\/argentina\/wp-json\/wp\/v2\/types\/post"}],"author":[{"embeddable":true,"href":"http:\/\/argentinamunicipal.com.ar\/argentina\/wp-json\/wp\/v2\/users\/2"}],"replies":[{"embeddable":true,"href":"http:\/\/argentinamunicipal.com.ar\/argentina\/wp-json\/wp\/v2\/comments?post=53565"}],"version-history":[{"count":0,"href":"http:\/\/argentinamunicipal.com.ar\/argentina\/wp-json\/wp\/v2\/posts\/53565\/revisions"}],"wp:featuredmedia":[{"embeddable":true,"href":"http:\/\/argentinamunicipal.com.ar\/argentina\/wp-json\/wp\/v2\/media\/53567"}],"wp:attachment":[{"href":"http:\/\/argentinamunicipal.com.ar\/argentina\/wp-json\/wp\/v2\/media?parent=53565"}],"wp:term":[{"taxonomy":"category","embeddable":true,"href":"http:\/\/argentinamunicipal.com.ar\/argentina\/wp-json\/wp\/v2\/categories?post=53565"},{"taxonomy":"post_tag","embeddable":true,"href":"http:\/\/argentinamunicipal.com.ar\/argentina\/wp-json\/wp\/v2\/tags?post=53565"}],"curies":[{"name":"wp","href":"https:\/\/api.w.org\/{rel}","templated":true}]}}