{"id":53569,"date":"2016-09-15T07:50:48","date_gmt":"2016-09-15T10:50:48","guid":{"rendered":"http:\/\/argentinamunicipal.com.ar\/argentina\/?p=53569"},"modified":"2016-09-15T07:50:48","modified_gmt":"2016-09-15T10:50:48","slug":"una-ofrenda-momo","status":"publish","type":"post","link":"http:\/\/argentinamunicipal.com.ar\/argentina\/una-ofrenda-momo\/","title":{"rendered":"Una ofrenda para el Momo"},"content":{"rendered":"<p>El Gobierno termin\u00f3 de dar forma a la anulaci\u00f3n del organismo estatal que fiscalizaba el empleo agrario y devolvi\u00f3 esas funciones a Uatre, el sindicato de Venegas. Su administrador ser\u00e1 la mano derecha del Momo.<\/p>\n<p>El Gobierno avanz\u00f3 en la disoluci\u00f3n del Registro Nacional de Trabajadores y Empleadores Agrarios (Renatea) y en el reestablecimiento del Registro Nacional de Trabajadores Rurales y Empleadores (Renatre), instituci\u00f3n que volver\u00e1 a funcionar a partir del 1 de enero de 2017. La medida se public\u00f3 ayer en el Bolet\u00edn Oficial, donde tambi\u00e9n se dispuso la designaci\u00f3n de Erica Utrera como liquidadora del Renatea y de Ernesto Ram\u00f3n Ayala, mano derecha del Momo Venegas, como delegado normalizador del Renatre. Ambos funcionarios tendr\u00e1n la responsabilidad de realizar una auditor\u00eda conjunta sobre los bienes inmuebles, muebles, cr\u00e9ditos, fondos, derechos y acciones que se transferir\u00e1n de un organismo a otro, seg\u00fan lo precisa la normativa oficial.<\/p>\n<p>El Renatea se cre\u00f3 en enero de 2012, como complemento del estatuto del pe\u00f3n rural, con el objetivo de ampliar los derechos de los trabajadores rurales, estableciendo, por ejemplo, la jornada de trabajo de 8 horas. En los cuatro a\u00f1os en que funcion\u00f3 el organismo, registr\u00f3 a 154 mil trabajadores, dio unas 15 mil coberturas por desempleo y protecci\u00f3n a v\u00edctimas de trata de personas, abri\u00f3 260 puntos de alfabetizaci\u00f3n y brind\u00f3 talleres a los trabajadores migrantes sobre sus derechos.<\/p>\n<p>El organismo hizo tambi\u00e9n operativos de fiscalizaci\u00f3n que permitieron hallar trabajadores en condiciones cercanas al esclavismo. Dos de los episodios con mayor resonancia son los que detectaron trabajadores en condiciones de extrema precariedad en campos del ex gobernador Ram\u00f3n Puerta, en Misiones, y en una finca del titular de la Sociedad Rural, Luis Miguel Etchevehere. Estas investigaciones requirieron un trabajo minucioso de la planta calificada de trabajadores.<\/p>\n<p>La Corte Suprema, a finales de 2015, confirm\u00f3 un fallo de la justicia que declaraba inconstitucional la creaci\u00f3n del Renatea, dejando el camino preparado para que el gobierno de Cambiemos ponga en marcha nuevamente el Renatre a regular el sector, un organismo que se caracteriz\u00f3 por hacer \u201cla vista gorda\u201d a situaciones de fuerte precariedad laboral entre los peones rurales.<\/p>\n<p>El libro De patrones y peones. Los aliados esclavistas de Mauricio Macri, del periodista Sebasti\u00e1n Premici, es un aporte para observar las situaciones opacas en las que se desenvolvi\u00f3 el Renatre. En el trabajo se se\u00f1ala que el director de ese organismo, Ger\u00f3nimo Momo Venegas, titular del sindicato Uatre, tercerizaba en una empresa de sociedad an\u00f3nima las fiscalizaciones de los trabajadores. Esa firma cobr\u00f3 10.000.000 de pesos entre 2010 y 2011 para hacer las inspecciones, aunque se denuncia que nunca se llevaron adelante. Del total de los trabajadores registrados que se computaban en los registros del Renatre al 2011, s\u00f3lo el 40 por ciento estaba efectivamente formalizado ante la AFIP.<\/p>\n<p>El trabajo de Premici pone en evidencia la complicidad del Momo Venegas en los casos de explotaci\u00f3n laboral de los peones y tareferos, en la que tambi\u00e9n participaron empresarios, funcionarios, jueces y medios de comunicaci\u00f3n hegem\u00f3nicos. \u201cEn la campa\u00f1a presidencial de 2015, Macri le hab\u00eda prometido a Venegas que le devolver\u00eda el Renatre. Es decir, le entragar\u00eda al Momo una formidable caja para ser utilizada pol\u00edticamente, nuevamente, en detrimento de la vida de cientos de miles de peones rurales\u201d, plantea. \u201cAs\u00ed ocurri\u00f3, no sin antes una ayudita de la Corte Suprema que declar\u00f3 inconstitucional el Renatea, con el argumento de que los institutos de seguridad social deben ser manejados por los trabajadores. No se tuvo en cuenta el testimonio de los propios peones sobre el accionar oscuro de la Uatre\u201d, cierra.<\/p>\n<h6>Fuente: P\u00e1gina 12<\/h6>\n","protected":false},"excerpt":{"rendered":"<p>El Gobierno termin\u00f3 de dar forma a la anulaci\u00f3n del organismo estatal que fiscalizaba el empleo agrario y devolvi\u00f3 esas funciones a Uatre, el sindicato de Venegas. Su administrador ser\u00e1 la mano derecha del Momo.<\/p>\n","protected":false},"author":2,"featured_media":53570,"comment_status":"closed","ping_status":"closed","sticky":false,"template":"","format":"standard","meta":{"footnotes":""},"categories":[8],"tags":[21],"class_list":["post-53569","post","type-post","status-publish","format-standard","has-post-thumbnail","hentry","category-informe-nacional","tag-argentina"],"_links":{"self":[{"href":"http:\/\/argentinamunicipal.com.ar\/argentina\/wp-json\/wp\/v2\/posts\/53569","targetHints":{"allow":["GET"]}}],"collection":[{"href":"http:\/\/argentinamunicipal.com.ar\/argentina\/wp-json\/wp\/v2\/posts"}],"about":[{"href":"http:\/\/argentinamunicipal.com.ar\/argentina\/wp-json\/wp\/v2\/types\/post"}],"author":[{"embeddable":true,"href":"http:\/\/argentinamunicipal.com.ar\/argentina\/wp-json\/wp\/v2\/users\/2"}],"replies":[{"embeddable":true,"href":"http:\/\/argentinamunicipal.com.ar\/argentina\/wp-json\/wp\/v2\/comments?post=53569"}],"version-history":[{"count":0,"href":"http:\/\/argentinamunicipal.com.ar\/argentina\/wp-json\/wp\/v2\/posts\/53569\/revisions"}],"wp:featuredmedia":[{"embeddable":true,"href":"http:\/\/argentinamunicipal.com.ar\/argentina\/wp-json\/wp\/v2\/media\/53570"}],"wp:attachment":[{"href":"http:\/\/argentinamunicipal.com.ar\/argentina\/wp-json\/wp\/v2\/media?parent=53569"}],"wp:term":[{"taxonomy":"category","embeddable":true,"href":"http:\/\/argentinamunicipal.com.ar\/argentina\/wp-json\/wp\/v2\/categories?post=53569"},{"taxonomy":"post_tag","embeddable":true,"href":"http:\/\/argentinamunicipal.com.ar\/argentina\/wp-json\/wp\/v2\/tags?post=53569"}],"curies":[{"name":"wp","href":"https:\/\/api.w.org\/{rel}","templated":true}]}}