{"id":53591,"date":"2016-09-15T09:00:28","date_gmt":"2016-09-15T12:00:28","guid":{"rendered":"http:\/\/argentinamunicipal.com.ar\/argentina\/?p=53591"},"modified":"2016-09-15T09:00:28","modified_gmt":"2016-09-15T12:00:28","slug":"cgt-e-iglesia-pidieron-al-gobierno-celeridad-ante-las-demandas","status":"publish","type":"post","link":"http:\/\/argentinamunicipal.com.ar\/argentina\/cgt-e-iglesia-pidieron-al-gobierno-celeridad-ante-las-demandas\/","title":{"rendered":"CGT e Iglesia pidieron al gobierno \u00abceleridad\u00bb ante las demandas"},"content":{"rendered":"<p>La CGT unificada y la Conferencia Episcopal Argentina coincidieron ayer en reclamarle al gobierno nacional \u00abuna mayor celeridad en dar respuesta a los problemas m\u00e1s urgentes\u00bb que plantean los trabajadores y la sociedad en su conjunto.<\/p>\n<p>La CGT unificada y la Conferencia Episcopal Argentina coincidieron ayer en reclamarle al gobierno nacional \u00abuna mayor celeridad en dar respuesta a los problemas m\u00e1s urgentes\u00bb que plantean los trabajadores y la sociedad en su conjunto.<\/p>\n<p>Los representantes sindicales y eclesi\u00e1sticos se reunieron ayer en la sede del episcopado porte\u00f1o. All\u00ed, el titular y el secretario ejecutivo de la Conferencia Episcopal Argentina, Jos\u00e9 Mar\u00eda Arancedo y Carlos Malfa, respectivamente, recibieron a una delegaci\u00f3n integrado por los secretarios generales de la CGT, Juan Carlos Schmid, Carlos Acu\u00f1a, H\u00e9ctor Daer; adem\u00e1s de Andr\u00e9s Rodr\u00edguez, Armando Cavalieri, Jos\u00e9 Luis Lingeri, Gerardo Mart\u00ednez, Francisco Guti\u00e9rrez, Omar Plaini, Sergio Romero, Jorge Sola, H\u00e9ctor Santamar\u00eda y Rodolfo Daer, entre otros.<\/p>\n<p>Al t\u00e9rmino de un c\u00f3nclave de por poco m\u00e1s de una hora, monse\u00f1or Arancedo manifest\u00f3 que los sindicalistas \u00abvaloraron\u00bb el rol de la Iglesia \u00aben todo lo que hace al bienestar de la sociedad\u00bb.<\/p>\n<p>El sacerdote dijo que \u00abcoinciden\u00bb en muchas cosas sobre el diagn\u00f3stico que hace la CGT de la situaci\u00f3n actual, sobre la \u00abfalta de trabajo, de desarrollo y de crecimiento\u00bb, adem\u00e1s de estar de acuerdo en contra de \u00abla corrupci\u00f3n, el narcotr\u00e1fico y de coincidir que son temas que deben estar presentes en la mesa de di\u00e1logo\u00bb.<\/p>\n<p>Al referirse al presidente Mauricio Macri, Arancedo asegur\u00f3 que \u00abno dudo que en el plano de la intenciones\u00bb \u00e9l quiere la soluci\u00f3n de los problemas, \u00abpero no siempre las intenciones son suficientes porque \u00aba veces hay que tener una visi\u00f3n solidaria y con mayor urgencia y con el alcance que todos esperan en la soluci\u00f3n de los problemas\u00bb.<\/p>\n<p>\u00abHay que poner mayor preocupaci\u00f3n en forma urgente por las personas que est\u00e1n padeciendo necesidades mayores\u00bb, pidi\u00f3 monse\u00f1or Arancedo.<\/p>\n<p>El titular de la Conferencia Episcopal Argentina enfatiz\u00f3 que \u00abla pobreza est\u00e1 presente y permanente en los di\u00e1logos\u00bb, y a\u00f1adi\u00f3 que \u00abincluso creo que el gobierno ha reconocido \u00edndices de desocupaci\u00f3n y despidos\u00bb, por lo que afirm\u00f3 que \u00abla pobreza ha crecido incluso en muchos lugares\u00bb.<\/p>\n<p>Por su parte, Juan Carlos Schmid remarc\u00f3: \u00abRatificamos todo lo dijo monse\u00f1or\u00bb, y agreg\u00f3: \u00abNosotros nos trasladamos hasta aqu\u00ed hoy porque tenemos una preocupaci\u00f3n compartida\u00bb.<\/p>\n<p>\u00abLa verdad es que nosotros aspiramos a que haya otra celeridad en abordar los temas sociales; nosotros no percibimos que haya habido el aceleramiento que ha habido con otros sectores macroecon\u00f3micos en el programa que lleva adelante\u00bb el gobierno.<\/p>\n<p>Por eso, Schmid manifest\u00f3 que \u00abesperamos que esta ronda de contactos que estamos haciendo sirva para que el gobierno tenga la voluntad para dar soluciones\u00bb.<\/p>\n<p>Sobre la negativa del Poder Ejecutivo sobre la reapertura de las paritarias, Schmid remarc\u00f3: \u00abQuiero recordar a propios y extra\u00f1os que las paritarias son un acuerdo convencional entre partes y el Estado deber\u00eda abstenerse de ello\u00bb.<\/p>\n<p>Por otra parte, el dirigente gremial remarc\u00f3 que quedan pendientes una reuni\u00f3n con los gobernadores peronistas y otra con el ministro de Hacienda, Alfonso Prat Gay, en el marco de la ronda de consultas que la CGT viene realizando con todos los sectores pol\u00edticos, econ\u00f3micos y sociales de cara al Comit\u00e9 Central Confederal que se reunir\u00e1 el 23 de setiembre y que definir\u00e1 el accionar futuro de la central obrera.<\/p>\n<h6>Fuente: La Capital Rosario<\/h6>\n","protected":false},"excerpt":{"rendered":"<p>La CGT unificada y la Conferencia Episcopal Argentina coincidieron ayer en reclamarle al gobierno nacional \u00abuna mayor celeridad en dar respuesta a los problemas m\u00e1s urgentes\u00bb que plantean los trabajadores y la sociedad en su conjunto.<\/p>\n","protected":false},"author":2,"featured_media":53592,"comment_status":"closed","ping_status":"closed","sticky":false,"template":"","format":"standard","meta":{"footnotes":""},"categories":[8],"tags":[21],"class_list":["post-53591","post","type-post","status-publish","format-standard","has-post-thumbnail","hentry","category-informe-nacional","tag-argentina"],"_links":{"self":[{"href":"http:\/\/argentinamunicipal.com.ar\/argentina\/wp-json\/wp\/v2\/posts\/53591","targetHints":{"allow":["GET"]}}],"collection":[{"href":"http:\/\/argentinamunicipal.com.ar\/argentina\/wp-json\/wp\/v2\/posts"}],"about":[{"href":"http:\/\/argentinamunicipal.com.ar\/argentina\/wp-json\/wp\/v2\/types\/post"}],"author":[{"embeddable":true,"href":"http:\/\/argentinamunicipal.com.ar\/argentina\/wp-json\/wp\/v2\/users\/2"}],"replies":[{"embeddable":true,"href":"http:\/\/argentinamunicipal.com.ar\/argentina\/wp-json\/wp\/v2\/comments?post=53591"}],"version-history":[{"count":0,"href":"http:\/\/argentinamunicipal.com.ar\/argentina\/wp-json\/wp\/v2\/posts\/53591\/revisions"}],"wp:featuredmedia":[{"embeddable":true,"href":"http:\/\/argentinamunicipal.com.ar\/argentina\/wp-json\/wp\/v2\/media\/53592"}],"wp:attachment":[{"href":"http:\/\/argentinamunicipal.com.ar\/argentina\/wp-json\/wp\/v2\/media?parent=53591"}],"wp:term":[{"taxonomy":"category","embeddable":true,"href":"http:\/\/argentinamunicipal.com.ar\/argentina\/wp-json\/wp\/v2\/categories?post=53591"},{"taxonomy":"post_tag","embeddable":true,"href":"http:\/\/argentinamunicipal.com.ar\/argentina\/wp-json\/wp\/v2\/tags?post=53591"}],"curies":[{"name":"wp","href":"https:\/\/api.w.org\/{rel}","templated":true}]}}