{"id":53609,"date":"2016-09-16T06:55:54","date_gmt":"2016-09-16T09:55:54","guid":{"rendered":"http:\/\/argentinamunicipal.com.ar\/argentina\/?p=53609"},"modified":"2016-09-16T06:55:54","modified_gmt":"2016-09-16T09:55:54","slug":"gobernador-santa-fe-se-reunio-intendentes-presidentes-comunales-del-frente-progresista-civico-social","status":"publish","type":"post","link":"http:\/\/argentinamunicipal.com.ar\/argentina\/gobernador-santa-fe-se-reunio-intendentes-presidentes-comunales-del-frente-progresista-civico-social\/","title":{"rendered":"El Gobernador de Santa Fe\u00a0se reuni\u00f3 con intendentes y presidentes comunales del Frente Progresista C\u00edvico y Social"},"content":{"rendered":"<p>El gobernador de Santa Fe agradeci\u00f3 \u00abla presencia de todos, que interpreto como un compromiso pol\u00edtico y una muestra de fortaleza y apoyo al gobierno provincial\u00bb, en un encuentro donde se abordaron temas de actualidad.<\/p>\n<p>El gobernador Miguel Lifschitz particip\u00f3 de un encuentro en la ciudad de Santa Fe con intendentes y presidentes comunales del Frente Progresista C\u00edvico y Social para abordar diferentes temas de actualidad.<\/p>\n<p>El gobernador agradeci\u00f3 \u00abla presencia de todos, que interpreto como un compromiso pol\u00edtico y una muestra de fortaleza y apoyo al gobierno provincial\u00bb.<\/p>\n<p>Lifschitz detall\u00f3 el trabajo realizado en estos meses de gesti\u00f3n: \u00abVenimos trabajando desde hace muchos a\u00f1os, cada uno en su territorio, construyendo un proyecto de transformaci\u00f3n de la provincia. En estos nueve meses de gesti\u00f3n hemos puesto en marcha un plan de infraestructura que nos ha permitido realizar licitaciones por m\u00e1s de 4 mil millones de pesos, el Plan del Norte, el Acuerdo Capital y proyectos con cada comuna y cada municipio\u00bb.<\/p>\n<p>\u00abHemos iniciado una pol\u00edtica de promoci\u00f3n de la actividad econ\u00f3mica, de apoyo a la industria, al sector agropecuario, al sector cooperativo, a los peque\u00f1os emprendedores, a las econom\u00edas regionales y al comercio; y en debate hay grandes temas que tienen que ver con la Ley de Educaci\u00f3n, de Salud P\u00fablica, de Aguas, la Reforma de la Constituci\u00f3n; es decir no estamos s\u00f3lo pensando la coyuntura, sino que estamos pensando en dejar un marco legislativo mas avanzado del que tenemos hoy\u00bb.<\/p>\n<p>\u00abTambi\u00e9n nos ha tocado afrontar dificultades serias, como la inundaci\u00f3n, y evidentemente que la seguridad es otro tema dif\u00edcil. Hubo mucho ruido esta semana, nosotros creemos en el federalismo, y creemos que m\u00e1s all\u00e1 de la distribuci\u00f3n de los recursos, representa encontrar una manera de concertar un trabajo coordinado y cooperativo entre naci\u00f3n y provincias, que no signifique un avasallamiento de los derechos de uno sobre los otros, sino compartir responsabilidades sobre temas en los cuales tenemos responsabilidad concurrente, y sin duda seguridad es uno de ellos\u00bb.<\/p>\n<p>Sobre el acuerdo con el gobierno nacional en materia de seguridad, Lifschitz manifest\u00f3 que \u00abes un gran avance en la medida que todos estemos a la altura de las circunstancias. Tampoco quiere decir que la seguridad va a comenzar ahora, porque Santa Fe es una provincia pionera en estos temas, porque es la primera que se ha planteado una reforma profunda del sistema judicial, con un sistema procesal penal que ya est\u00e1 implementado y ha demostrado mayor eficacia que el anterior. De la misma forma hemos encarado reformas del sistema de seguridad y la Polic\u00eda\u00bb, agreg\u00f3.<\/p>\n<p>En ese sentido, manifest\u00f3 que \u00abel ministro (Maximiliano) Pullaro ha armado un gran equipo y estamos procurando profundizar los aciertos, corregir algunas cosas y mejorar una Polic\u00eda que de ninguna manera es la peor de la Argentina como se intenta plantear; la Polic\u00eda ha mejorado a pesar de todo pero tiene que mejorar mucho m\u00e1s y para eso tenemos un plan de trabajo que tiene que ver con capacitaci\u00f3n, incorporaci\u00f3n de tecnolog\u00eda y con un nuevo dise\u00f1o del sistema de comisar\u00edas\u00bb.<\/p>\n<p>\u00abEst\u00e9n seguros de que la seguridad de la provincia de Santa Fe est\u00e1 en buenas manos y que estamos trabajando con un plan de trabajo muy bien estudiado, no estamos improvisando, estamos avanzando, con dificultades y en una cancha barrosa\u00bb.<\/p>\n<p>\u00abSanta Fe es una provincia que est\u00e1 mostrando un camino de lucha contra la violencia y otras provincias van a tener que mirar lo que estamos haciendo porque los problemas que algunos creen que solo ocurren aqu\u00ed, ocurren en muchos lugares y con mayores niveles de gravedad\u00bb, agreg\u00f3 Lifschitz y finaliz\u00f3 diciendo que \u00abla voluntad de este gobierno es de trabajar junto con cada uno de ustedes para avanzar, progresar y concretar aquellos compromisos con los cuales asumimos la gesti\u00f3n\u00bb.<\/p>\n<p><strong>PARTICIPANTES<\/strong><\/p>\n<p>En la actividad, realizada en el hotel UNL-ATE, estuvieron presentes el vicegobernador, Carlos Fascendini; los intendentes de Santa Fe, Jos\u00e9 Corral y de Rosario, M\u00f3nica Fein; el ministro de Gobierno y Reforma del Estado, Pablo Far\u00edas; el asesor del Gabinete, Juan Carlos Zabalza; entre otras autoridades provinciales y locales.<\/p>\n<p><strong>FASCENDINI Y FAR\u00cdAS<\/strong><\/p>\n<p>El vicegobernador de Santa Fe, Carlos Fascendini, dijo por su parte que en la C\u00e1mara de Senadores \u00abhay importantes proyectos que tienen que ver con seguridad, y en donde este jueves ha tenido tratamiento uno de ellos, con sanci\u00f3n definitiva, y que tiene que ver con 40 nuevos fiscales para la provincia de Santa Fe\u00bb; destacando que esto ser\u00eda con la obligaci\u00f3n de tener al menos \u00abun fiscal en cada departamento de la provincia, y con la incorporaci\u00f3n de fiscal\u00edas especiales para que se pueda mejorar el sistema en todo el territorio\u00bb.<\/p>\n<p>\u00abApostamos a trabajar en conjunto, a integrar a la provincia de Santa Fe a la Rep\u00fablica Argentina, a trabajar en un plano ordenado, y por eso celebramos el acuerdo y esperamos mucho m\u00e1s de la Naci\u00f3n\u00bb, para de esta manera \u00abreconstituir un federalismo en un pa\u00eds que hab\u00eda perdido el respeto a sus instituciones\u00bb, culmin\u00f3.<\/p>\n<p>A continuaci\u00f3n, el ministro de Gobierno y Reforma del Estado, Pablo Far\u00edas agradeci\u00f3 la presencia de los intendentes y presidentes comunales y se\u00f1al\u00f3 que \u00abnos pareci\u00f3 importante hacer esta convocatoria ante una coyuntura dif\u00edcil, pero que significa una oportunidad de fortalecimiento pol\u00edtico de nuestro trabajo en cada una de las gestiones\u00bb.<\/p>\n<p>\u00abParticularmente quiero dejarles la tranquilidad de que al gobierno provincial lo ocupa y le preocupa el tema de la seguridad y que estamos trabajando y poniendo nuestro mayor esfuerzo en esta problem\u00e1tica. A su vez seguimos con los temas de la agenda provincial y vamos a seguir haci\u00e9ndolo\u00bb.<\/p>\n<p>En este sentido, precis\u00f3 que \u00aba la fecha transferimos m\u00e1s de 400 millones de pesos del Fondo de Obras Menores y una cifra similar del Fondo de Financiamiento Educativo\u00bb; adem\u00e1s indic\u00f3 que \u00abel gobierno provincial est\u00e1 poniendo en marcha emprendimientos importantes como la ley de Endeudamiento, lo que representa un muy ambicioso programa de infraestructura, que va a tener impacto en muchas localidades y que estamos trabajando intensamente con el gobierno nacional la autorizaci\u00f3n\u00bb.<\/p>\n<p>\u00abSaben que cuentan con nosotros, m\u00e1s all\u00e1 de las coyunturas los temas de gesti\u00f3n siguen vigente\u00bb, concluy\u00f3 el ministro.<\/p>\n<p><strong>CORRAL Y FEIN<\/strong><\/p>\n<p>Por su parte, el intendente de Santa Fe anunci\u00f3 que \u00abse constituy\u00f3 el \u00e1rea metropolitana del gran Santa Fe. Es un d\u00eda hist\u00f3rico para la regi\u00f3n y gracias a la ley que el gobernador Lifschitz impuls\u00f3 cuando era senador; que promueve esta manera de trabajar que tiene mucho que ver con los que necesitamos los santafesinos y argentinos, que es el di\u00e1logo, poner en com\u00fan las diferentes miradas y los problemas\u00bb.<\/p>\n<p>En este sentido, precis\u00f3 que en todas la ciudades, grandes o peque\u00f1as, \u00abel primer rengl\u00f3n es la seguridad, que tenemos que asumir con toda nuestra energ\u00eda\u00bb; a continuaci\u00f3n se refiri\u00f3 a los \u00ab\u00edndices de violencia y de homicidio, que es un problema de m\u00e1s de 30 o 40 a\u00f1os\u00bb.<\/p>\n<p>\u00abTodos tenemos responsabilidades, el gobierno Nacional, provincial y municipal y hasta los empresarios, hay que comprometer a todos, porque este problema tiene tal gravedad que alcanza a toda la sociedad\u00bb, afirm\u00f3.<\/p>\n<p>La intendenta de la ciudad de Rosario se\u00f1al\u00f3 por su parte que es importarte \u00abencontrarnos para reflexionar sobre la realidad y pensar y construir el futuro. Mas all\u00e1 de las circunstancias sentirnos acompa\u00f1ados, porque sabemos que somos muchos los que trabajamos para construir una sociedad con m\u00e1s igualdad y solidaridad y sin violencia\u00bb.<\/p>\n<p>\u00abEs un hecho muy positivo poner sobre la mesa un acuerdo que implique que todos los niveles de gobierno tenemos algo que hacer en la materia, que se reconozca que no puede una ciudad sola, ni una provincia sola, ni la Naci\u00f3n sola, enfrentar lo que es el delito organizado, lo que tiene que ver con el narcotr\u00e1fico, el tr\u00e1fico de armas y de personas\u00bb, concluy\u00f3.<\/p>\n<h6>Fuente: Uno Santa Fe<\/h6>\n","protected":false},"excerpt":{"rendered":"<p>El gobernador de Santa Fe agradeci\u00f3 \u00abla presencia de todos, que interpreto como un compromiso pol\u00edtico y una muestra de fortaleza y apoyo al gobierno provincial\u00bb, en un encuentro donde se abordaron temas de actualidad.<\/p>\n","protected":false},"author":2,"featured_media":53610,"comment_status":"closed","ping_status":"closed","sticky":false,"template":"","format":"standard","meta":{"footnotes":""},"categories":[4],"tags":[10],"class_list":["post-53609","post","type-post","status-publish","format-standard","has-post-thumbnail","hentry","category-informe-politico","tag-santa-fe"],"_links":{"self":[{"href":"http:\/\/argentinamunicipal.com.ar\/argentina\/wp-json\/wp\/v2\/posts\/53609","targetHints":{"allow":["GET"]}}],"collection":[{"href":"http:\/\/argentinamunicipal.com.ar\/argentina\/wp-json\/wp\/v2\/posts"}],"about":[{"href":"http:\/\/argentinamunicipal.com.ar\/argentina\/wp-json\/wp\/v2\/types\/post"}],"author":[{"embeddable":true,"href":"http:\/\/argentinamunicipal.com.ar\/argentina\/wp-json\/wp\/v2\/users\/2"}],"replies":[{"embeddable":true,"href":"http:\/\/argentinamunicipal.com.ar\/argentina\/wp-json\/wp\/v2\/comments?post=53609"}],"version-history":[{"count":0,"href":"http:\/\/argentinamunicipal.com.ar\/argentina\/wp-json\/wp\/v2\/posts\/53609\/revisions"}],"wp:featuredmedia":[{"embeddable":true,"href":"http:\/\/argentinamunicipal.com.ar\/argentina\/wp-json\/wp\/v2\/media\/53610"}],"wp:attachment":[{"href":"http:\/\/argentinamunicipal.com.ar\/argentina\/wp-json\/wp\/v2\/media?parent=53609"}],"wp:term":[{"taxonomy":"category","embeddable":true,"href":"http:\/\/argentinamunicipal.com.ar\/argentina\/wp-json\/wp\/v2\/categories?post=53609"},{"taxonomy":"post_tag","embeddable":true,"href":"http:\/\/argentinamunicipal.com.ar\/argentina\/wp-json\/wp\/v2\/tags?post=53609"}],"curies":[{"name":"wp","href":"https:\/\/api.w.org\/{rel}","templated":true}]}}