{"id":53630,"date":"2016-09-16T07:24:36","date_gmt":"2016-09-16T10:24:36","guid":{"rendered":"http:\/\/argentinamunicipal.com.ar\/argentina\/?p=53630"},"modified":"2016-09-16T07:24:36","modified_gmt":"2016-09-16T10:24:36","slug":"ganancias-promesa-incumplida","status":"publish","type":"post","link":"http:\/\/argentinamunicipal.com.ar\/argentina\/ganancias-promesa-incumplida\/","title":{"rendered":"Ganancias, promesa incumplida"},"content":{"rendered":"<p>Macri hab\u00eda dicho en campa\u00f1a que los trabajadores no pagar\u00edan Ganancias en su gobierno. Sin embargo, Prat-Gay justific\u00f3 su continuidad por restricciones presupuestarias. Cambian escalas y sube un poco el m\u00ednimo no imponible.<\/p>\n<p>El gobierno confirm\u00f3 a trav\u00e9s del ministro de Hacienda y Finanzas, Alfonso Prat-Gay, que no cumplir\u00e1 con la promesa de campa\u00f1a de eliminar el impuesto a las Ganancias para los trabajadores. Ayer, en la presentaci\u00f3n del Presupuesto para el a\u00f1o pr\u00f3ximo, cuando se esperaba alguna definici\u00f3n al respecto, el funcionario confirm\u00f3 que antes de fin de mes enviar\u00e1 un proyecto para subir el m\u00ednimo no imponible de Ganancias y una modificaci\u00f3n en las escalas del tributo. Justific\u00f3 el incumplimiento del compromiso de campa\u00f1a en que las restricciones presupuestaras acotan el margen de acci\u00f3n. El aumento del m\u00ednimo ser\u00eda del orden del 15 por ciento, lo que llevar\u00eda a que quienes consigan un aumento paritario superior a ese guarismo pagar\u00edan m\u00e1s del impuesto. Tambi\u00e9n adelant\u00f3 que enviar\u00e1 otros dos proyectos: uno para modificar la ley de Administraci\u00f3n Financiera y eliminar los superpoderes respecto al cambio de partidas presupuestarias y otro de Responsabilidad Fiscal acordado con las provincias.<\/p>\n<p>Durante la campa\u00f1a, el macrismo hab\u00eda asegurado que eliminar\u00eda Ganancias por ser un impuesto injusto para los trabajadores. El debate de la eliminaci\u00f3n de ese gravamen fue pospuesto en un primer momento bajo la excusa de que era necesario un tratamiento m\u00e1s profundo y que el proyecto requer\u00eda un debate extenso. Ayer se confirm\u00f3 que la intenci\u00f3n no ser\u00e1 eliminarlo, sino hacer algunos cambios que incluyen agregar categor\u00edas y subir el piso del m\u00ednimo no imponible. Parad\u00f3jicamente, el ministro consider\u00f3 cumplida la promesa de campa\u00f1a \u201ccuando se actualiz\u00f3 el m\u00ednimo no imponible (a principios de a\u00f1o), pese al impacto negativo en las arcas nacionales y provinciales de un monto de 50 mil millones de pesos\u201d.<\/p>\n<p>Desde el CGT insisten en el reclamo de que se reabran las paritarias y se elimine Ganancias, dos temas sobre los que el presidente Mauricio Macri no est\u00e1 dispuesto a ceder, mientras que le pide prudencia a los gremios. Incluso Prat-Gay sostuvo que el objetivo es \u201cir modificando las escalas de manera gradual\u201d. \u201cPorque no tenemos recursos para resolverlo en uno o dos a\u00f1os\u201d, agreg\u00f3. \u201cEs un esfuerzo que compartimos con las provincias. Por eso, antes de elevar el mejor proyecto del Poder Ejecutivo, estamos dialogando con los gobernadores y sus ministros de econom\u00eda, para consensuar una propuesta realista, por las implicancias fiscales que tiene para las distintas jurisdicciones\u201d, asegur\u00f3.<\/p>\n<p>El proyecto ser\u00eda enviado al Congreso la semana pr\u00f3xima y elevar\u00e1 el m\u00ednimo no imponible entre un 15 y 17 por ciento sobre el l\u00edmite actual, fijado en 18.880 para los solteros y en 25.000 para los casados con dos hijos. La iniciativa tambi\u00e9n contempla una reforma en las escalas. Una de ellas es reducir del 9 al 5 por ciento la al\u00edcuota de la escala m\u00e1s baja y, en paralelo, se propondr\u00e1 que los que empiecen a tributar el gravamen paguen s\u00f3lo la al\u00edcuota del 2 por ciento. Complementariamente se pretende cambiar el rango de escalas y subir el tributo para los que m\u00e1s ganan, del 35 al 40 por ciento.<\/p>\n<p>El ministro tambi\u00e9n se\u00f1al\u00f3 que se enviar\u00e1 una reforma de la ley de Administraci\u00f3n Financiera para \u201cuna modificaci\u00f3n gradual de los superpoderes\u201d. Es un tema en el que el oficialismo ven\u00eda conversando con la oposici\u00f3n. \u201cEs una discusi\u00f3n que tuvimos cuando \u00e9ramos oposici\u00f3n durante la \u00faltima d\u00e9cada porque si no se reforma, el ejercicio presupuestario queda vac\u00edo\u201d, asegur\u00f3 Prat-Gay. \u201cVamos a elevar un proyecto de modificaci\u00f3n para ir acotando en el tiempo ese margen de acci\u00f3n\u201d, agreg\u00f3 al referirse al art\u00edculo 37 de la ley de Administraci\u00f3n Financiera. Por \u00faltimo, anunci\u00f3 que \u201cse estableci\u00f3 la pr\u00f3rroga de la Ley de Responsabilidad Fiscal en el proyecto de Presupuesto\u201d. \u201cPero vamos a enviar una iniciativa para modificar algunos art\u00edculos que estamos terminando de consensuar con los gobernadores\u201d, agreg\u00f3. El objetivo, seg\u00fan reconoci\u00f3 el presidente de la comisi\u00f3n de Presupuesto de Diputados, Luciano Laspina, es limitar el endeudamiento de las provincias para que no haya descontroles.<\/p>\n<h6>Fuente: P\u00e1gina 12<\/h6>\n","protected":false},"excerpt":{"rendered":"<p>Macri hab\u00eda dicho en campa\u00f1a que los trabajadores no pagar\u00edan Ganancias en su gobierno. Sin embargo, Prat-Gay justific\u00f3 su continuidad por restricciones presupuestarias. Cambian escalas y sube un poco el m\u00ednimo no imponible.<\/p>\n","protected":false},"author":2,"featured_media":53631,"comment_status":"closed","ping_status":"closed","sticky":false,"template":"","format":"standard","meta":{"footnotes":""},"categories":[8],"tags":[21],"class_list":["post-53630","post","type-post","status-publish","format-standard","has-post-thumbnail","hentry","category-informe-nacional","tag-argentina"],"_links":{"self":[{"href":"http:\/\/argentinamunicipal.com.ar\/argentina\/wp-json\/wp\/v2\/posts\/53630","targetHints":{"allow":["GET"]}}],"collection":[{"href":"http:\/\/argentinamunicipal.com.ar\/argentina\/wp-json\/wp\/v2\/posts"}],"about":[{"href":"http:\/\/argentinamunicipal.com.ar\/argentina\/wp-json\/wp\/v2\/types\/post"}],"author":[{"embeddable":true,"href":"http:\/\/argentinamunicipal.com.ar\/argentina\/wp-json\/wp\/v2\/users\/2"}],"replies":[{"embeddable":true,"href":"http:\/\/argentinamunicipal.com.ar\/argentina\/wp-json\/wp\/v2\/comments?post=53630"}],"version-history":[{"count":0,"href":"http:\/\/argentinamunicipal.com.ar\/argentina\/wp-json\/wp\/v2\/posts\/53630\/revisions"}],"wp:featuredmedia":[{"embeddable":true,"href":"http:\/\/argentinamunicipal.com.ar\/argentina\/wp-json\/wp\/v2\/media\/53631"}],"wp:attachment":[{"href":"http:\/\/argentinamunicipal.com.ar\/argentina\/wp-json\/wp\/v2\/media?parent=53630"}],"wp:term":[{"taxonomy":"category","embeddable":true,"href":"http:\/\/argentinamunicipal.com.ar\/argentina\/wp-json\/wp\/v2\/categories?post=53630"},{"taxonomy":"post_tag","embeddable":true,"href":"http:\/\/argentinamunicipal.com.ar\/argentina\/wp-json\/wp\/v2\/tags?post=53630"}],"curies":[{"name":"wp","href":"https:\/\/api.w.org\/{rel}","templated":true}]}}