{"id":53633,"date":"2016-09-16T07:31:11","date_gmt":"2016-09-16T10:31:11","guid":{"rendered":"http:\/\/argentinamunicipal.com.ar\/argentina\/?p=53633"},"modified":"2016-09-16T07:31:11","modified_gmt":"2016-09-16T10:31:11","slug":"sociedad-en-movimiento","status":"publish","type":"post","link":"http:\/\/argentinamunicipal.com.ar\/argentina\/sociedad-en-movimiento\/","title":{"rendered":"Sociedad en movimiento"},"content":{"rendered":"<p>Avellaneda no ser\u00e1 M\u00e9xico pero tiene sus murales. El m\u00e1s famoso es el de Pav\u00f3n al 2000 sobre los paredones de la vieja f\u00e1brica Durax, la actual cooperativa Cristal. Las im\u00e1genes cuentan la historia de la industria argentina. Una pintada en otra esquina dice, sin vueltas, \u201cNo al desempleo\u201d. Por alg\u00fan misterioso esp\u00edritu de respeto al espacio p\u00fablico o al trabajo de los dem\u00e1s, vaya uno a saber, en Avellaneda los murales no se tapan. Quien los dibuje, les garabatee encima o los pegue carteles, ser\u00e1 penado con el repudio de los vecinos. Y si es pol\u00edtico pagar\u00e1 el costo. Por eso, con la seguridad que da la tradici\u00f3n, el s\u00e1bado \u00faltimo un grupo de pintores de brocha gorda y dise\u00f1adores de pincel fino aprovech\u00f3 el sol para dejar listo otro mural m\u00e1s, \u201cNo al tarifazo\u201d, en Belgrano y Ocampo. Ya son tres sobre el tema. Antes hubo uno en Mitre y Castelli y un segundo en Belgrano y Madariaga. La firma dice Frente Militante. El que fue pintado bajo el sol muestra una mejilla inflada de trompetista que remata en una vuvuzela. Las im\u00e1genes y el sonido, en este caso imaginario, son parte de la preparaci\u00f3n para la audiencia del gas, un tema que en los municipios viene haciendo ruido desde enero. Casi tanto ruido como la luz y como el agua.<\/p>\n<p>\u201cNo bien el gobierno nacional anunci\u00f3 el aumento de tarifas not\u00e9 que incumpli\u00f3 con el requisito de la audiencia p\u00fablica\u201d, dice a P\u00e1gina\/12 Pablo Vera, abogado y jefe de Gabinete de la intendencia que encabeza Jorge Ferraresi. \u201cLa verdad, no imagin\u00e9 las consecuencias institucionales de la falta de audiencia, pero en Avellaneda recogimos muy r\u00e1pido que hab\u00eda malestar porque es un distrito con muchos clubes y sociedades de fomento.\u201d<\/p>\n<p>El municipio primero present\u00f3 un amparo como cliente del servicio el\u00e9ctrico y a la vez encar\u00f3 reuniones con clubes, sociedades de fomento, pymes, f\u00e1bricas recuperadas y sindicatos. Poco a poco, de manera individual o colectiva, cada sector fue elevando su demanda. \u201cCada cual planteaba su situaci\u00f3n particular y todas eran preocupantes\u201d, dice Vera. \u201cLos clubes con la elevaci\u00f3n de tarifas pensada originalmente ser\u00edan inviables. En las pymes y los comercios habr\u00eda un serio deterioro por aumento de costos. Se dificultar\u00eda la problem\u00e1tica del empleo en una secuencia que uno ya conoce: recorte de horas extras, suspensiones y finalmente despidos.\u201d Vera sostiene que el fondo es \u00e9ste: \u201cNo es cuesti\u00f3n de tarifas, la cuesti\u00f3n es evitar que la energ\u00eda sea concebida como materia prima, que se vea reducido el consumo y que la Argentina vuelva a exportar energ\u00eda sin usarla para el mercado interno y la industria manufacturera\u201d.<\/p>\n<p>El tarifazo es parte de la tormenta perfecta que enfri\u00f3 la econom\u00eda. En Avellaneda el municipio calcula que la recaudaci\u00f3n por la tasa de higiene y seguridad cay\u00f3 durante este a\u00f1o un 24 por ciento, lo cual es un problema para el Tesoro y muestra una baja de actividad.<\/p>\n<p>P\u00e1gina\/12 pudo constatar como m\u00ednimo ese nivel de ca\u00edda en la actividad tras consultas en los municipios de San Mart\u00edn, La Matanza, Ituzaing\u00f3 y Ensenada. La crisis es transversal a los nombres que usan los intendentes para juntarse y discutir de pol\u00edtica. Vayan al Instituto Patria como Ferraresi, integren el Grupo Esmeralda como Gabriel Katopodis o sean parte del F\u00e9nix como Ver\u00f3nica Magario, los problemas reales son comunes. En esa dimensi\u00f3n f\u00edsica de las relaciones entre gobernantes y gobernados quiz\u00e1s est\u00e9 la clave del papel dinamizador que jugaron los municipios del Gran Buenos Aires y de otros centros urbanos de la Argentina para que el problema terminara velozmente en la Corte Suprema y el Gobierno diera marcha atr\u00e1s. A\u00fan puede haber desconfianza entre el due\u00f1o de una pyme y el dirigente de un movimiento social o de un sindicato. Cada quien procesa como quiere y puede el voto por Mauricio Macri o Daniel Scioli. Los sectores no se juntan, al menos por el momento, y tampoco coordinan, pero en estos meses de 2016 todos dejaron que los municipios asumieran un papel de articulaci\u00f3n. As\u00ed fuese tratando a las distintas franjas en paralelo.<\/p>\n<p>Tambi\u00e9n busc\u00f3 una forma concreta de respuesta Mariano Lovelli, uno de los abogados que encabezan el Cepis, Centro de Estudios para la Promoci\u00f3n de la Igualdad y la Solidaridad. Su perfil de Twitter informa, entre otras cosas, que es \u201cplatense, abogado, profesor, marido, padre, pincharrata, amigo, asador, militante del proyecto nacional y popular\u201d. Por la presentaci\u00f3n del Cepis fue que el tarifazo del gas lleg\u00f3 a la Corte Suprema y el de la luz a la C\u00e1mara Federal de La Plata en tiempo record. En los \u00faltimos d\u00edas Lovelli impugn\u00f3 la audiencia de hoy con el argumento de que la convocatoria no acataba el fallo de la Corte porque el Gobierno no inform\u00f3 hasta ahora cu\u00e1l es el precio del gas cuando sale del pozo, o sea el costo b\u00e1sico que influye en el transporte y la distribuci\u00f3n. Pero igual ir\u00e1 a la audiencia manteniendo el perfil del Cepis. \u201cVamos a seguir estudiando, proponiendo y si es necesario demandando, porque \u00e9se es el papel que nos fijamos a nosotros mismos\u201d.<\/p>\n<p>La sociedad argentina parece encontrar formas de mantenerse en movimiento.<\/p>\n<p>Por\u00a0Mart\u00edn Granovsky<\/p>\n<h6>Fuente: P\u00e1gina 12<\/h6>\n","protected":false},"excerpt":{"rendered":"<p>Avellaneda no ser\u00e1 M\u00e9xico pero tiene sus murales. El m\u00e1s famoso es el de Pav\u00f3n al 2000 sobre los paredones de la vieja f\u00e1brica Durax, la actual cooperativa Cristal.<\/p>\n","protected":false},"author":2,"featured_media":53634,"comment_status":"closed","ping_status":"closed","sticky":false,"template":"","format":"standard","meta":{"footnotes":""},"categories":[6],"tags":[12],"class_list":["post-53633","post","type-post","status-publish","format-standard","has-post-thumbnail","hentry","category-opiniones","tag-buenos-aires"],"_links":{"self":[{"href":"http:\/\/argentinamunicipal.com.ar\/argentina\/wp-json\/wp\/v2\/posts\/53633","targetHints":{"allow":["GET"]}}],"collection":[{"href":"http:\/\/argentinamunicipal.com.ar\/argentina\/wp-json\/wp\/v2\/posts"}],"about":[{"href":"http:\/\/argentinamunicipal.com.ar\/argentina\/wp-json\/wp\/v2\/types\/post"}],"author":[{"embeddable":true,"href":"http:\/\/argentinamunicipal.com.ar\/argentina\/wp-json\/wp\/v2\/users\/2"}],"replies":[{"embeddable":true,"href":"http:\/\/argentinamunicipal.com.ar\/argentina\/wp-json\/wp\/v2\/comments?post=53633"}],"version-history":[{"count":0,"href":"http:\/\/argentinamunicipal.com.ar\/argentina\/wp-json\/wp\/v2\/posts\/53633\/revisions"}],"wp:featuredmedia":[{"embeddable":true,"href":"http:\/\/argentinamunicipal.com.ar\/argentina\/wp-json\/wp\/v2\/media\/53634"}],"wp:attachment":[{"href":"http:\/\/argentinamunicipal.com.ar\/argentina\/wp-json\/wp\/v2\/media?parent=53633"}],"wp:term":[{"taxonomy":"category","embeddable":true,"href":"http:\/\/argentinamunicipal.com.ar\/argentina\/wp-json\/wp\/v2\/categories?post=53633"},{"taxonomy":"post_tag","embeddable":true,"href":"http:\/\/argentinamunicipal.com.ar\/argentina\/wp-json\/wp\/v2\/tags?post=53633"}],"curies":[{"name":"wp","href":"https:\/\/api.w.org\/{rel}","templated":true}]}}