{"id":53636,"date":"2016-09-16T07:34:46","date_gmt":"2016-09-16T10:34:46","guid":{"rendered":"http:\/\/argentinamunicipal.com.ar\/argentina\/?p=53636"},"modified":"2016-09-16T07:34:46","modified_gmt":"2016-09-16T10:34:46","slug":"hacia-la-emergencia-social","status":"publish","type":"post","link":"http:\/\/argentinamunicipal.com.ar\/argentina\/hacia-la-emergencia-social\/","title":{"rendered":"Hacia la emergencia social"},"content":{"rendered":"<p>Senadores del FpV y del GEN presentaron un proyecto que promueve la creaci\u00f3n de un mill\u00f3n de nuevos empleos, un aumento de las asignaciones por hijo y por embarazo y la creaci\u00f3n de un salario social para los trabajadores informales.<\/p>\n<p>Los movimientos sociales hicieron una nueva movida para que se declare la ley de emergencia social. Ayer, en el Congreso, los senadores Juan Manuel Abal Medina, Teresita Luna (FpV) y Jaime Linares (GEN) presentaron un proyecto que unific\u00f3 varios de los que ven\u00edan dando vueltas sobre el tema en el \u00e1mbito parlamentario. El texto promueve la creaci\u00f3n de un mill\u00f3n de nuevos empleos por parte del Ministerio de Desarrollo Social. Para lo inmediato, dispone adem\u00e1s que la Asignaci\u00f3n Universal por Hijo y la Asignaci\u00f3n por Embarazo tengan un aumento del 15 por ciento para compensar la inflaci\u00f3n. Y propone que se fije un salario social complementario para los trabajadores informales, los m\u00e1s vulnerables frente a la recesi\u00f3n.<\/p>\n<p>La iniciativa sali\u00f3 de las tres organizaciones que el 8 de agosto convocaron a la marcha de San Cayetano: la Confederaci\u00f3n de Trabajadores de la Econom\u00eda Popular (CTEP), la Corriente Clasista y Combativa y Barrios de Pie. A trav\u00e9s de varios diputados, desde principios de a\u00f1o ya hab\u00edan ingresado proyectos similares que quedaron a medio camino. Tras la movilizaci\u00f3n a la Plaza de Mayo, las organizaciones se dieron el trabajo de intensificar su campa\u00f1a; con el respaldo de la CGT, de las dos CTA y de la Pastoral Social de la iglesia, tuvieron reuniones con legisladores del FpV, el Peronismo para la Victoria, el Frente Renovador, el Frente Progresista y el socialismo. Tambi\u00e9n hablaron informalmente con el Bloque Justicialista.<\/p>\n<p>As\u00ed llegaron a la redacci\u00f3n de este nuevo proyecto, que declara la emergencia social por un a\u00f1o. Los dirigentes muestran expectativas de que el texto logre tratamiento relativamente pronto.<\/p>\n<p>El proyecto instruye al Ministerio de Desarrollo Social \u201ca crear un mill\u00f3n de nuevos empleos bajo el Programa Solidario de Ingreso Social con Trabajo en todo el territorio nacional\u201d. Por otra parte, convoca a un Consejo de la Econom\u00eda Popular con el objetivo de fijar un salario social complementario, destinado a que todos los trabajadores informales tengan un ingreso con el que cubrir la canasta b\u00e1sica. El Consejo estar\u00eda integrado por representantes del Gobierno y las organizaciones sociales.<\/p>\n<p>\u201cLa propuesta de este salario social complementario busca unificar los programas de empleo, con un car\u00e1cter federal, para tener una herramienta que ampare a los trabajadores m\u00e1s vulnerables\u201d, explic\u00f3 Gildo Onorato, de la CTEP. El dirigente fue uno de los que participaron de la ronda de conversaciones con los bloques legislativos y asegura que el proyecto \u201ctiene los n\u00fameros para ser tratado en las dos c\u00e1maras\u201d.<\/p>\n<p>Los senadores detallaron que el costo del aumento del 15 por ciento para las asignaciones para los dos \u00faltimos meses de este a\u00f1o ser\u00e1 de 1500 millones de pesos, aproximadamente, y de 7700 millones para 2017. En cuanto a la creaci\u00f3n de los nuevos puestos de trabajo, Abal Medina se\u00f1al\u00f3 que \u201csi bien el proyecto supone una erogaci\u00f3n importante para el Estado Nacional, lo hace de manera responsable y cuidando el equilibrio fiscal, por lo que la creaci\u00f3n de estos nuevos empleos ser\u00e1 paulatina y gradual, y de acuerdo a las disponibilidades presupuestarias del Gobierno\u201d.<\/p>\n<p>\u201cHemos trabajado responsablemente para proponer distintas alternativas para el financiamiento, como el aumento de los grav\u00e1menes a bienes suntuosos y bebidas alcoh\u00f3licas, o la creaci\u00f3n de impuestos espec\u00edficos para m\u00e1quinas de casinos y salas de juegos, o el aumento de impuestos a la explotaci\u00f3n minera\u201d, agreg\u00f3 el senador.<\/p>\n<p>Su par Jaime Linares (GEN) se\u00f1al\u00f3 que el proyecto \u201cpuede ser un avance hacia un nuevo escenario de pa\u00eds. Los trabajadores de la econom\u00eda social pueden resolver este tema\u201d.<\/p>\n<p>Acompa\u00f1aron el proyecto de ley con sus firmas los senadores Miguel \u00c1ngel Pichetto, Mar\u00eda Graciela De la Rosa, Pedro Guastavino, Mar\u00eda Labado, Silvia Garc\u00eda Larraburu, Marina Riofr\u00edo, Beatriz Mirkin, Carlos Esp\u00ednola, Liliana Fellner, Juan Manuel Irrazabal, Juan Mario Pais, Sigrid Kunath, Eduardo Aguilar, Daniel Lovera, Jos\u00e9 Miguel Mayans, Jos\u00e9 Alperovich y Ruperto Godoy.<\/p>\n<h6>Fuente: P\u00e1gina 12<\/h6>\n","protected":false},"excerpt":{"rendered":"<p>Senadores del FpV y del GEN presentaron un proyecto que promueve la creaci\u00f3n de un mill\u00f3n de nuevos empleos, un aumento de las asignaciones por hijo y por embarazo y la creaci\u00f3n de un salario social para los trabajadores informales.<\/p>\n","protected":false},"author":2,"featured_media":53637,"comment_status":"closed","ping_status":"closed","sticky":false,"template":"","format":"standard","meta":{"footnotes":""},"categories":[8],"tags":[21],"class_list":["post-53636","post","type-post","status-publish","format-standard","has-post-thumbnail","hentry","category-informe-nacional","tag-argentina"],"_links":{"self":[{"href":"http:\/\/argentinamunicipal.com.ar\/argentina\/wp-json\/wp\/v2\/posts\/53636","targetHints":{"allow":["GET"]}}],"collection":[{"href":"http:\/\/argentinamunicipal.com.ar\/argentina\/wp-json\/wp\/v2\/posts"}],"about":[{"href":"http:\/\/argentinamunicipal.com.ar\/argentina\/wp-json\/wp\/v2\/types\/post"}],"author":[{"embeddable":true,"href":"http:\/\/argentinamunicipal.com.ar\/argentina\/wp-json\/wp\/v2\/users\/2"}],"replies":[{"embeddable":true,"href":"http:\/\/argentinamunicipal.com.ar\/argentina\/wp-json\/wp\/v2\/comments?post=53636"}],"version-history":[{"count":0,"href":"http:\/\/argentinamunicipal.com.ar\/argentina\/wp-json\/wp\/v2\/posts\/53636\/revisions"}],"wp:featuredmedia":[{"embeddable":true,"href":"http:\/\/argentinamunicipal.com.ar\/argentina\/wp-json\/wp\/v2\/media\/53637"}],"wp:attachment":[{"href":"http:\/\/argentinamunicipal.com.ar\/argentina\/wp-json\/wp\/v2\/media?parent=53636"}],"wp:term":[{"taxonomy":"category","embeddable":true,"href":"http:\/\/argentinamunicipal.com.ar\/argentina\/wp-json\/wp\/v2\/categories?post=53636"},{"taxonomy":"post_tag","embeddable":true,"href":"http:\/\/argentinamunicipal.com.ar\/argentina\/wp-json\/wp\/v2\/tags?post=53636"}],"curies":[{"name":"wp","href":"https:\/\/api.w.org\/{rel}","templated":true}]}}